{"id":3801,"date":"2017-10-07T11:10:07","date_gmt":"2017-10-07T09:10:07","guid":{"rendered":"https:\/\/www.epidemicrecords.net\/?p=3801"},"modified":"2017-10-07T11:10:07","modified_gmt":"2017-10-07T09:10:07","slug":"gab-de-la-vega-10-years-of-veganism-for-the-animals-10-anni-di-veganismo-per-gli-animali","status":"publish","type":"post","link":"https:\/\/www.epidemicrecords.net\/v2019\/2017\/10\/07\/gab-de-la-vega-10-years-of-veganism-for-the-animals-10-anni-di-veganismo-per-gli-animali\/","title":{"rendered":"Gab De La Vega: 10 years of veganism, for the animals. \/ 10 anni di veganismo, per gli animali."},"content":{"rendered":"<p style=\"text-align: justify;\"><em><a href=\"http:\/\/www.epidemicrecords.net\/2018\/wp-content\/uploads\/2017\/10\/10-years-vegan-e1507367172490.jpg\"><img loading=\"lazy\" decoding=\"async\" class=\"aligncenter size-large wp-image-3802\" src=\"http:\/\/www.epidemicrecords.net\/site\/wp-content\/uploads\/2017\/10\/10-years-vegan-1024x768.jpg\" alt=\"10 years vegan\" width=\"600\" height=\"450\" \/><\/a><\/em><\/p>\n<p>Acoustic punk \/ hardcore singer songwriter Gab De La Vega shares a few thoughts about his 10th anniversary as a vegan.<br \/>\n<em>You can get his records and merch here: <a href=\"https:\/\/www.epidemicrecords.net\/store\/22-gab-de-la-vega\" target=\"_blank\">https:\/\/www.epidemicrecords.net\/store\/22-gab-de-la-vega<\/a><\/em><\/p>\n<p style=\"text-align: justify;\">Yesterday marked exactly TEN YEARS since I&#8217;ve decided to go vegan. Ten years without feeding myself with someone else&#8217;s suffering. It&#8217;s probably the best choice I&#8217;ve ever made. I feel great, it makes me feel good with myself and in balance with the Universe.<br \/>\nI can&#8217;t really tell how many animals haven&#8217;t been exploited because of my own, single, personal decision. But I&#8217;m sure that such a simple choice made a difference for some animals out there.<br \/>\nIt&#8217;s never too late and at some point it&#8217;s the easiest thing to do, once you accept to realize what&#8217;s behind the animal food industry. At least for me, at some point the hard part was not to change my habits, not to take a stand, not to go vegan.<br \/>\nOnce I&#8217;ve decided to take part in this cultural, environmental, ethical change, I started feeling good again. And it still feels great, when I stop for a second and realize that nobody had to suffer and die for what&#8217;s in my dish.<br \/>\nSo here I am, ten years after. Well, this picture was taken a couple of years ago. I could have posted one of the many pictures I&#8217;ve taken with delicious vegan food before devouring it, but I chose this one because it&#8217;s about them: the animals.<br \/>\nThose animals in the pictures have been rescued and they now live on an Animal Sanctuary. There are many, everywhere, around the World.<br \/>\nIf you live in Italy, please visit <a class=\"profileLink\" href=\"https:\/\/www.facebook.com\/retesantuari\/\" data-hovercard=\"\/ajax\/hovercard\/page.php?id=824060607655395\" data-hovercard-prefer-more-content-show=\"1\">Rete dei Santuari di Animali Liberi<\/a>&#8216;s website: <a href=\"http:\/\/www.animaliliberi.org\" target=\"_blank\" data-ft=\"{&quot;tn&quot;:&quot;-U&quot;}\" data-lynx-mode=\"asynclazy\">www.animaliliberi.org<\/a><br \/>\nTake some time to visit one of these places and see for yourself the beauty of these lucky, beautiful, unique creatures. There are billions like them who are just waiting for someone to set them free or to stop being the reason why they are in such poor conditions. It&#8217;s all up to us. Be the change.<br \/>\nGab De La Vega<\/p>\n<p>=========================<\/p>\n<p><em>Il singer songwriter acoustic punk \/ hardcore Gab De La Vega condivide alcuni pensieri sul suo decimo anniversario da vegan.<\/em><br \/>\n<em>Potete ordinare i suoi dischi e merch qui: <\/em><a href=\"https:\/\/www.epidemicrecords.net\/store\/22-gab-de-la-vega\" target=\"_blank\"><em>https:\/\/www.epidemicrecords.net\/store\/22-gab-de-la-vega<\/em> <\/a><\/p>\n<p style=\"text-align: justify;\">Ieri erano esattamente DIECI ANNI che ho deciso di diventare vegan. Dieci anni senza nutrirmi della sofferenza di qualcun altro. \u00c8 probabilmente la miglior scelta che abbia mai fatto. Mi sento alla grande, mi fa stare bene con me stesso e in equilibrio con l&#8217;Universo.<br \/>\nNon so dire quanti animali non siano stati sfruttati grazie alla mia singola, personale, decisione. Ma sono sicuro che una scelta cos\u00ec semplice abbia fatto la differenza per degli animali l\u00e0 fuori.<br \/>\nNon \u00e8 mai troppo tardi e ad un certo punto \u00e8 proprio la cosa pi\u00f9 semplice da fare, una volta che si accetta di rendersi conto di ci\u00f2 che si cela dietro l&#8217;industria del cibo che usa animali. Almeno per me, ad un certo punto la cosa pi\u00f9 difficile da fare era quella di non cambiare abitudini, non prendere una posizione, non diventare vegan.<br \/>\nUna volta che ho deciso di prendere parte a questo cambiamento culturale, ambientale ed etico, ho iniziato di nuovo a sentirmi bene. E mi sento ancora alla grande, quando mi fermo per un secondo e mi rendo conto che nessuno ha dovuto soffrire o morire per ci\u00f2 che si trova nel mio piatto.<br \/>\nEd eccomi qui, dieci anni pi\u00f9 tardi. Beh, questa foto \u00e8 stata fatta un paio d&#8217;anni fa. Avrei potuto postare una delle molte foto che ho fatto con del buonissimo cibo vegan prima di divorarlo, ma ho scelto questa perch\u00e8 parla di loro: gli animali.<br \/>\nQuegli animali nella foto sono stati salvati e ora vivono in un Santuario per Animali. Ce ne sono molti, in tutto il Mondo.<br \/>\nSe vivete in Italia, visitate il sito della Rete dei Santuari Liberi: <a href=\"http:\/\/www.animaliliberi.org\" target=\"_blank\" data-ft=\"{&quot;tn&quot;:&quot;-U&quot;}\" data-lynx-mode=\"asynclazy\">www.animaliliberi.org<\/a><br \/>\nPrendetevi del tempo per visitare uno di questi posti e ammirate con i vostri occhi la bellezza di queste meravigliose, fortunate e uniche creature. Ce ne sono miliardi come loro, che aspettano che qualcuno gli dia la libert\u00e0 o che smetta di essere il motivo per cui si trovano in condizioni tanto misere. Dipende tutto da noi. Sii il cambiamento.<br \/>\nGab De La Vega<\/p>\n","protected":false},"excerpt":{"rendered":"<p>Acoustic punk \/ hardcore singer songwriter Gab De La Vega shares a few thoughts about his 10th anniversary as a vegan. You can get his records and merch here: https:\/\/www.epidemicrecords.net\/store\/22-gab-de-la-vega Yesterday marked exactly TEN YEARS since I&#8217;ve decided to go vegan. Ten years without feeding myself with someone else&#8217;s suffering. It&#8217;s probably the best choice [&hellip;]<\/p>\n","protected":false},"author":2,"featured_media":3802,"comment_status":"closed","ping_status":"closed","sticky":false,"template":"","format":"standard","meta":{"footnotes":""},"categories":[2],"tags":[],"class_list":["post-3801","post","type-post","status-publish","format-standard","has-post-thumbnail","hentry","category-blog"],"yoast_head":"<!-- This site is optimized with the Yoast SEO plugin v25.0 - https:\/\/yoast.com\/wordpress\/plugins\/seo\/ -->\n<title>Gab De La Vega: 10 years of veganism, for the animals. \/ 10 anni di veganismo, per gli animali. - Epidemic Records<\/title>\n<meta name=\"robots\" content=\"index, follow, max-snippet:-1, max-image-preview:large, max-video-preview:-1\" \/>\n<link rel=\"canonical\" href=\"https:\/\/www.epidemicrecords.net\/v2019\/2017\/10\/07\/gab-de-la-vega-10-years-of-veganism-for-the-animals-10-anni-di-veganismo-per-gli-animali\/\" \/>\n<meta property=\"og:locale\" content=\"it_IT\" \/>\n<meta property=\"og:type\" content=\"article\" \/>\n<meta property=\"og:title\" content=\"Gab De La Vega: 10 years of veganism, for the animals. \/ 10 anni di veganismo, per gli animali. - Epidemic Records\" \/>\n<meta property=\"og:description\" content=\"Acoustic punk \/ hardcore singer songwriter Gab De La Vega shares a few thoughts about his 10th anniversary as a vegan. You can get his records and merch here: https:\/\/www.epidemicrecords.net\/store\/22-gab-de-la-vega Yesterday marked exactly TEN YEARS since I&#8217;ve decided to go vegan. Ten years without feeding myself with someone else&#8217;s suffering. It&#8217;s probably the best choice [&hellip;]\" \/>\n<meta property=\"og:url\" content=\"https:\/\/www.epidemicrecords.net\/v2019\/2017\/10\/07\/gab-de-la-vega-10-years-of-veganism-for-the-animals-10-anni-di-veganismo-per-gli-animali\/\" \/>\n<meta property=\"og:site_name\" content=\"Epidemic Records\" \/>\n<meta property=\"article:publisher\" content=\"http:\/\/www.facebook.com\/epidemicrecordshc\" \/>\n<meta property=\"article:published_time\" content=\"2017-10-07T09:10:07+00:00\" \/>\n<meta property=\"og:image\" content=\"https:\/\/www.epidemicrecords.net\/v2019\/wp-content\/uploads\/2017\/10\/10-years-vegan-e1507367172490.jpg\" \/>\n\t<meta property=\"og:image:width\" content=\"1450\" \/>\n\t<meta property=\"og:image:height\" content=\"1088\" \/>\n\t<meta property=\"og:image:type\" content=\"image\/jpeg\" \/>\n<meta name=\"author\" content=\"Gabriele\" \/>\n<meta name=\"twitter:card\" content=\"summary_large_image\" \/>\n<meta name=\"twitter:creator\" content=\"@epidemicrecs\" \/>\n<meta name=\"twitter:site\" content=\"@epidemicrecs\" \/>\n<meta name=\"twitter:label1\" content=\"Scritto da\" \/>\n\t<meta name=\"twitter:data1\" content=\"Gabriele\" \/>\n\t<meta name=\"twitter:label2\" content=\"Tempo di lettura stimato\" \/>\n\t<meta name=\"twitter:data2\" content=\"4 minuti\" \/>\n<script type=\"application\/ld+json\" class=\"yoast-schema-graph\">{\"@context\":\"https:\/\/schema.org\",\"@graph\":[{\"@type\":\"Article\",\"@id\":\"https:\/\/www.epidemicrecords.net\/v2019\/2017\/10\/07\/gab-de-la-vega-10-years-of-veganism-for-the-animals-10-anni-di-veganismo-per-gli-animali\/#article\",\"isPartOf\":{\"@id\":\"https:\/\/www.epidemicrecords.net\/v2019\/2017\/10\/07\/gab-de-la-vega-10-years-of-veganism-for-the-animals-10-anni-di-veganismo-per-gli-animali\/\"},\"author\":{\"name\":\"Gabriele\",\"@id\":\"https:\/\/www.epidemicrecords.net\/v2019\/#\/schema\/person\/e2cff227657e3cabdde72daaf4b738b2\"},\"headline\":\"Gab De La Vega: 10 years of veganism, for the animals. \/ 10 anni di veganismo, per gli animali.\",\"datePublished\":\"2017-10-07T09:10:07+00:00\",\"mainEntityOfPage\":{\"@id\":\"https:\/\/www.epidemicrecords.net\/v2019\/2017\/10\/07\/gab-de-la-vega-10-years-of-veganism-for-the-animals-10-anni-di-veganismo-per-gli-animali\/\"},\"wordCount\":736,\"publisher\":{\"@id\":\"https:\/\/www.epidemicrecords.net\/v2019\/#organization\"},\"image\":{\"@id\":\"https:\/\/www.epidemicrecords.net\/v2019\/2017\/10\/07\/gab-de-la-vega-10-years-of-veganism-for-the-animals-10-anni-di-veganismo-per-gli-animali\/#primaryimage\"},\"thumbnailUrl\":\"https:\/\/www.epidemicrecords.net\/v2019\/wp-content\/uploads\/2017\/10\/10-years-vegan-e1507367172490.jpg\",\"articleSection\":[\"Blog\"],\"inLanguage\":\"it-IT\"},{\"@type\":\"WebPage\",\"@id\":\"https:\/\/www.epidemicrecords.net\/v2019\/2017\/10\/07\/gab-de-la-vega-10-years-of-veganism-for-the-animals-10-anni-di-veganismo-per-gli-animali\/\",\"url\":\"https:\/\/www.epidemicrecords.net\/v2019\/2017\/10\/07\/gab-de-la-vega-10-years-of-veganism-for-the-animals-10-anni-di-veganismo-per-gli-animali\/\",\"name\":\"Gab De La Vega: 10 years of veganism, for the animals. \/ 10 anni di veganismo, per gli animali. - Epidemic Records\",\"isPartOf\":{\"@id\":\"https:\/\/www.epidemicrecords.net\/v2019\/#website\"},\"primaryImageOfPage\":{\"@id\":\"https:\/\/www.epidemicrecords.net\/v2019\/2017\/10\/07\/gab-de-la-vega-10-years-of-veganism-for-the-animals-10-anni-di-veganismo-per-gli-animali\/#primaryimage\"},\"image\":{\"@id\":\"https:\/\/www.epidemicrecords.net\/v2019\/2017\/10\/07\/gab-de-la-vega-10-years-of-veganism-for-the-animals-10-anni-di-veganismo-per-gli-animali\/#primaryimage\"},\"thumbnailUrl\":\"https:\/\/www.epidemicrecords.net\/v2019\/wp-content\/uploads\/2017\/10\/10-years-vegan-e1507367172490.jpg\",\"datePublished\":\"2017-10-07T09:10:07+00:00\",\"breadcrumb\":{\"@id\":\"https:\/\/www.epidemicrecords.net\/v2019\/2017\/10\/07\/gab-de-la-vega-10-years-of-veganism-for-the-animals-10-anni-di-veganismo-per-gli-animali\/#breadcrumb\"},\"inLanguage\":\"it-IT\",\"potentialAction\":[{\"@type\":\"ReadAction\",\"target\":[\"https:\/\/www.epidemicrecords.net\/v2019\/2017\/10\/07\/gab-de-la-vega-10-years-of-veganism-for-the-animals-10-anni-di-veganismo-per-gli-animali\/\"]}]},{\"@type\":\"ImageObject\",\"inLanguage\":\"it-IT\",\"@id\":\"https:\/\/www.epidemicrecords.net\/v2019\/2017\/10\/07\/gab-de-la-vega-10-years-of-veganism-for-the-animals-10-anni-di-veganismo-per-gli-animali\/#primaryimage\",\"url\":\"https:\/\/www.epidemicrecords.net\/v2019\/wp-content\/uploads\/2017\/10\/10-years-vegan-e1507367172490.jpg\",\"contentUrl\":\"https:\/\/www.epidemicrecords.net\/v2019\/wp-content\/uploads\/2017\/10\/10-years-vegan-e1507367172490.jpg\",\"width\":1450,\"height\":1088},{\"@type\":\"BreadcrumbList\",\"@id\":\"https:\/\/www.epidemicrecords.net\/v2019\/2017\/10\/07\/gab-de-la-vega-10-years-of-veganism-for-the-animals-10-anni-di-veganismo-per-gli-animali\/#breadcrumb\",\"itemListElement\":[{\"@type\":\"ListItem\",\"position\":1,\"name\":\"Home\",\"item\":\"https:\/\/www.epidemicrecords.net\/v2019\/en\/home-2\/\"},{\"@type\":\"ListItem\",\"position\":2,\"name\":\"Gab De La Vega: 10 years of veganism, for the animals. \/ 10 anni di veganismo, per gli animali.\"}]},{\"@type\":\"WebSite\",\"@id\":\"https:\/\/www.epidemicrecords.net\/v2019\/#website\",\"url\":\"https:\/\/www.epidemicrecords.net\/v2019\/\",\"name\":\"Epidemic Records\",\"description\":\"This Is More Than Music. This Is What We Believe In.\",\"publisher\":{\"@id\":\"https:\/\/www.epidemicrecords.net\/v2019\/#organization\"},\"potentialAction\":[{\"@type\":\"SearchAction\",\"target\":{\"@type\":\"EntryPoint\",\"urlTemplate\":\"https:\/\/www.epidemicrecords.net\/v2019\/?s={search_term_string}\"},\"query-input\":{\"@type\":\"PropertyValueSpecification\",\"valueRequired\":true,\"valueName\":\"search_term_string\"}}],\"inLanguage\":\"it-IT\"},{\"@type\":\"Organization\",\"@id\":\"https:\/\/www.epidemicrecords.net\/v2019\/#organization\",\"name\":\"Epidemic Records\",\"url\":\"https:\/\/www.epidemicrecords.net\/v2019\/\",\"logo\":{\"@type\":\"ImageObject\",\"inLanguage\":\"it-IT\",\"@id\":\"https:\/\/www.epidemicrecords.net\/v2019\/#\/schema\/logo\/image\/\",\"url\":\"https:\/\/www.epidemicrecords.net\/v2019\/wp-content\/uploads\/2019\/05\/logo-wp.png\",\"contentUrl\":\"https:\/\/www.epidemicrecords.net\/v2019\/wp-content\/uploads\/2019\/05\/logo-wp.png\",\"width\":200,\"height\":196,\"caption\":\"Epidemic Records\"},\"image\":{\"@id\":\"https:\/\/www.epidemicrecords.net\/v2019\/#\/schema\/logo\/image\/\"},\"sameAs\":[\"http:\/\/www.facebook.com\/epidemicrecordshc\",\"https:\/\/x.com\/epidemicrecs\",\"http:\/\/www.instagram.com\/epidemicrecordshc\"]},{\"@type\":\"Person\",\"@id\":\"https:\/\/www.epidemicrecords.net\/v2019\/#\/schema\/person\/e2cff227657e3cabdde72daaf4b738b2\",\"name\":\"Gabriele\",\"image\":{\"@type\":\"ImageObject\",\"inLanguage\":\"it-IT\",\"@id\":\"https:\/\/www.epidemicrecords.net\/v2019\/#\/schema\/person\/image\/\",\"url\":\"https:\/\/secure.gravatar.com\/avatar\/b5fcb4f27d198f6c2162bc92e4726ffd79ebd15d254ed5679485ba47495e6466?s=96&d=mm&r=g\",\"contentUrl\":\"https:\/\/secure.gravatar.com\/avatar\/b5fcb4f27d198f6c2162bc92e4726ffd79ebd15d254ed5679485ba47495e6466?s=96&d=mm&r=g\",\"caption\":\"Gabriele\"},\"url\":\"https:\/\/www.epidemicrecords.net\/v2019\/author\/gabriele\/\"}]}<\/script>\n<!-- \/ Yoast SEO plugin. -->","yoast_head_json":{"title":"Gab De La Vega: 10 years of veganism, for the animals. \/ 10 anni di veganismo, per gli animali. - Epidemic Records","robots":{"index":"index","follow":"follow","max-snippet":"max-snippet:-1","max-image-preview":"max-image-preview:large","max-video-preview":"max-video-preview:-1"},"canonical":"https:\/\/www.epidemicrecords.net\/v2019\/2017\/10\/07\/gab-de-la-vega-10-years-of-veganism-for-the-animals-10-anni-di-veganismo-per-gli-animali\/","og_locale":"it_IT","og_type":"article","og_title":"Gab De La Vega: 10 years of veganism, for the animals. \/ 10 anni di veganismo, per gli animali. - Epidemic Records","og_description":"Acoustic punk \/ hardcore singer songwriter Gab De La Vega shares a few thoughts about his 10th anniversary as a vegan. You can get his records and merch here: https:\/\/www.epidemicrecords.net\/store\/22-gab-de-la-vega Yesterday marked exactly TEN YEARS since I&#8217;ve decided to go vegan. Ten years without feeding myself with someone else&#8217;s suffering. It&#8217;s probably the best choice [&hellip;]","og_url":"https:\/\/www.epidemicrecords.net\/v2019\/2017\/10\/07\/gab-de-la-vega-10-years-of-veganism-for-the-animals-10-anni-di-veganismo-per-gli-animali\/","og_site_name":"Epidemic Records","article_publisher":"http:\/\/www.facebook.com\/epidemicrecordshc","article_published_time":"2017-10-07T09:10:07+00:00","og_image":[{"width":1450,"height":1088,"url":"https:\/\/www.epidemicrecords.net\/v2019\/wp-content\/uploads\/2017\/10\/10-years-vegan-e1507367172490.jpg","type":"image\/jpeg"}],"author":"Gabriele","twitter_card":"summary_large_image","twitter_creator":"@epidemicrecs","twitter_site":"@epidemicrecs","twitter_misc":{"Scritto da":"Gabriele","Tempo di lettura stimato":"4 minuti"},"schema":{"@context":"https:\/\/schema.org","@graph":[{"@type":"Article","@id":"https:\/\/www.epidemicrecords.net\/v2019\/2017\/10\/07\/gab-de-la-vega-10-years-of-veganism-for-the-animals-10-anni-di-veganismo-per-gli-animali\/#article","isPartOf":{"@id":"https:\/\/www.epidemicrecords.net\/v2019\/2017\/10\/07\/gab-de-la-vega-10-years-of-veganism-for-the-animals-10-anni-di-veganismo-per-gli-animali\/"},"author":{"name":"Gabriele","@id":"https:\/\/www.epidemicrecords.net\/v2019\/#\/schema\/person\/e2cff227657e3cabdde72daaf4b738b2"},"headline":"Gab De La Vega: 10 years of veganism, for the animals. \/ 10 anni di veganismo, per gli animali.","datePublished":"2017-10-07T09:10:07+00:00","mainEntityOfPage":{"@id":"https:\/\/www.epidemicrecords.net\/v2019\/2017\/10\/07\/gab-de-la-vega-10-years-of-veganism-for-the-animals-10-anni-di-veganismo-per-gli-animali\/"},"wordCount":736,"publisher":{"@id":"https:\/\/www.epidemicrecords.net\/v2019\/#organization"},"image":{"@id":"https:\/\/www.epidemicrecords.net\/v2019\/2017\/10\/07\/gab-de-la-vega-10-years-of-veganism-for-the-animals-10-anni-di-veganismo-per-gli-animali\/#primaryimage"},"thumbnailUrl":"https:\/\/www.epidemicrecords.net\/v2019\/wp-content\/uploads\/2017\/10\/10-years-vegan-e1507367172490.jpg","articleSection":["Blog"],"inLanguage":"it-IT"},{"@type":"WebPage","@id":"https:\/\/www.epidemicrecords.net\/v2019\/2017\/10\/07\/gab-de-la-vega-10-years-of-veganism-for-the-animals-10-anni-di-veganismo-per-gli-animali\/","url":"https:\/\/www.epidemicrecords.net\/v2019\/2017\/10\/07\/gab-de-la-vega-10-years-of-veganism-for-the-animals-10-anni-di-veganismo-per-gli-animali\/","name":"Gab De La Vega: 10 years of veganism, for the animals. \/ 10 anni di veganismo, per gli animali. - Epidemic Records","isPartOf":{"@id":"https:\/\/www.epidemicrecords.net\/v2019\/#website"},"primaryImageOfPage":{"@id":"https:\/\/www.epidemicrecords.net\/v2019\/2017\/10\/07\/gab-de-la-vega-10-years-of-veganism-for-the-animals-10-anni-di-veganismo-per-gli-animali\/#primaryimage"},"image":{"@id":"https:\/\/www.epidemicrecords.net\/v2019\/2017\/10\/07\/gab-de-la-vega-10-years-of-veganism-for-the-animals-10-anni-di-veganismo-per-gli-animali\/#primaryimage"},"thumbnailUrl":"https:\/\/www.epidemicrecords.net\/v2019\/wp-content\/uploads\/2017\/10\/10-years-vegan-e1507367172490.jpg","datePublished":"2017-10-07T09:10:07+00:00","breadcrumb":{"@id":"https:\/\/www.epidemicrecords.net\/v2019\/2017\/10\/07\/gab-de-la-vega-10-years-of-veganism-for-the-animals-10-anni-di-veganismo-per-gli-animali\/#breadcrumb"},"inLanguage":"it-IT","potentialAction":[{"@type":"ReadAction","target":["https:\/\/www.epidemicrecords.net\/v2019\/2017\/10\/07\/gab-de-la-vega-10-years-of-veganism-for-the-animals-10-anni-di-veganismo-per-gli-animali\/"]}]},{"@type":"ImageObject","inLanguage":"it-IT","@id":"https:\/\/www.epidemicrecords.net\/v2019\/2017\/10\/07\/gab-de-la-vega-10-years-of-veganism-for-the-animals-10-anni-di-veganismo-per-gli-animali\/#primaryimage","url":"https:\/\/www.epidemicrecords.net\/v2019\/wp-content\/uploads\/2017\/10\/10-years-vegan-e1507367172490.jpg","contentUrl":"https:\/\/www.epidemicrecords.net\/v2019\/wp-content\/uploads\/2017\/10\/10-years-vegan-e1507367172490.jpg","width":1450,"height":1088},{"@type":"BreadcrumbList","@id":"https:\/\/www.epidemicrecords.net\/v2019\/2017\/10\/07\/gab-de-la-vega-10-years-of-veganism-for-the-animals-10-anni-di-veganismo-per-gli-animali\/#breadcrumb","itemListElement":[{"@type":"ListItem","position":1,"name":"Home","item":"https:\/\/www.epidemicrecords.net\/v2019\/en\/home-2\/"},{"@type":"ListItem","position":2,"name":"Gab De La Vega: 10 years of veganism, for the animals. \/ 10 anni di veganismo, per gli animali."}]},{"@type":"WebSite","@id":"https:\/\/www.epidemicrecords.net\/v2019\/#website","url":"https:\/\/www.epidemicrecords.net\/v2019\/","name":"Epidemic Records","description":"This Is More Than Music. This Is What We Believe In.","publisher":{"@id":"https:\/\/www.epidemicrecords.net\/v2019\/#organization"},"potentialAction":[{"@type":"SearchAction","target":{"@type":"EntryPoint","urlTemplate":"https:\/\/www.epidemicrecords.net\/v2019\/?s={search_term_string}"},"query-input":{"@type":"PropertyValueSpecification","valueRequired":true,"valueName":"search_term_string"}}],"inLanguage":"it-IT"},{"@type":"Organization","@id":"https:\/\/www.epidemicrecords.net\/v2019\/#organization","name":"Epidemic Records","url":"https:\/\/www.epidemicrecords.net\/v2019\/","logo":{"@type":"ImageObject","inLanguage":"it-IT","@id":"https:\/\/www.epidemicrecords.net\/v2019\/#\/schema\/logo\/image\/","url":"https:\/\/www.epidemicrecords.net\/v2019\/wp-content\/uploads\/2019\/05\/logo-wp.png","contentUrl":"https:\/\/www.epidemicrecords.net\/v2019\/wp-content\/uploads\/2019\/05\/logo-wp.png","width":200,"height":196,"caption":"Epidemic Records"},"image":{"@id":"https:\/\/www.epidemicrecords.net\/v2019\/#\/schema\/logo\/image\/"},"sameAs":["http:\/\/www.facebook.com\/epidemicrecordshc","https:\/\/x.com\/epidemicrecs","http:\/\/www.instagram.com\/epidemicrecordshc"]},{"@type":"Person","@id":"https:\/\/www.epidemicrecords.net\/v2019\/#\/schema\/person\/e2cff227657e3cabdde72daaf4b738b2","name":"Gabriele","image":{"@type":"ImageObject","inLanguage":"it-IT","@id":"https:\/\/www.epidemicrecords.net\/v2019\/#\/schema\/person\/image\/","url":"https:\/\/secure.gravatar.com\/avatar\/b5fcb4f27d198f6c2162bc92e4726ffd79ebd15d254ed5679485ba47495e6466?s=96&d=mm&r=g","contentUrl":"https:\/\/secure.gravatar.com\/avatar\/b5fcb4f27d198f6c2162bc92e4726ffd79ebd15d254ed5679485ba47495e6466?s=96&d=mm&r=g","caption":"Gabriele"},"url":"https:\/\/www.epidemicrecords.net\/v2019\/author\/gabriele\/"}]}},"_links":{"self":[{"href":"https:\/\/www.epidemicrecords.net\/v2019\/wp-json\/wp\/v2\/posts\/3801","targetHints":{"allow":["GET"]}}],"collection":[{"href":"https:\/\/www.epidemicrecords.net\/v2019\/wp-json\/wp\/v2\/posts"}],"about":[{"href":"https:\/\/www.epidemicrecords.net\/v2019\/wp-json\/wp\/v2\/types\/post"}],"author":[{"embeddable":true,"href":"https:\/\/www.epidemicrecords.net\/v2019\/wp-json\/wp\/v2\/users\/2"}],"replies":[{"embeddable":true,"href":"https:\/\/www.epidemicrecords.net\/v2019\/wp-json\/wp\/v2\/comments?post=3801"}],"version-history":[{"count":0,"href":"https:\/\/www.epidemicrecords.net\/v2019\/wp-json\/wp\/v2\/posts\/3801\/revisions"}],"wp:featuredmedia":[{"embeddable":true,"href":"https:\/\/www.epidemicrecords.net\/v2019\/wp-json\/wp\/v2\/media\/3802"}],"wp:attachment":[{"href":"https:\/\/www.epidemicrecords.net\/v2019\/wp-json\/wp\/v2\/media?parent=3801"}],"wp:term":[{"taxonomy":"category","embeddable":true,"href":"https:\/\/www.epidemicrecords.net\/v2019\/wp-json\/wp\/v2\/categories?post=3801"},{"taxonomy":"post_tag","embeddable":true,"href":"https:\/\/www.epidemicrecords.net\/v2019\/wp-json\/wp\/v2\/tags?post=3801"}],"curies":[{"name":"wp","href":"https:\/\/api.w.org\/{rel}","templated":true}]}}