{"id":4618,"date":"2019-10-08T17:24:31","date_gmt":"2019-10-08T15:24:31","guid":{"rendered":"https:\/\/www.epidemicrecords.net\/v2019\/?p=4618"},"modified":"2019-10-08T17:25:50","modified_gmt":"2019-10-08T15:25:50","slug":"il-nuovo-album-degli-stanis-da-voce-alla-societa-moderna-italian-only","status":"publish","type":"post","link":"https:\/\/www.epidemicrecords.net\/v2019\/en\/2019\/10\/08\/il-nuovo-album-degli-stanis-da-voce-alla-societa-moderna-italian-only\/","title":{"rendered":"Il nuovo album degli STANIS da voce alla societ\u00e0 moderna (Italian Only)"},"content":{"rendered":"<p>STANIS \u00e8 un trio bolognese dedito ad un mix di punk rock, skate punk e hardcore melodico.<br \/>\nSono appena approdati alla loro prima uscita sulla lunga distanza, dopo alcune registrazioni pi\u00f9 brevi che hanno per\u00f2 permesso al gruppo di farsi apprezzare tra gli appassionati di queste sonorit\u00e0.<\/p>\n<p>\u201cTales from a Modern Society\u201d \u00e8 un viaggio a met\u00e0 tra l&#8217;introspezione e l&#8217;analisi del mondo circostante, un disco molto personale ma allo stesso tempo in grado di consentire a chi vi si approccia di ritrovare elementi, positivi e negativi della societ\u00e0 in cui viviamo.<\/p>\n<p><span style=\"color: #008000;\"><strong>1) Siamo ad un mesetto circa dall&#8217;uscita di \u201cTales from a Modern Society\u201d. Come \u00e8 stata la risposta iniziale? Siete contenti? Qual&#8217;\u00e8 la cosa che maggiormente vi ha colpito in seguito a questa uscita?<\/strong><\/span><\/p>\n<p>Z: ciao! si, siamo estremamente contenti di come sta rispondendo il pubblico a quella che \u00e8 la nostra prima vera pubblicazione! ogni piattaforma social ci informa costantemente di nuovi follower e questo ci riempie di orgoglio!<\/p>\n<p><span style=\"color: #008000;\"><strong>2) \u201cSociety\u201d e \u201cReady Reply\u201d sono stati i due singoli che hanno accompagnato il lancio del disco. Quali sono gli elementi unici di ciascun brano e cosa invece li collega, magari anche ad altri pezzi del disco?<\/strong><\/span><\/p>\n<p>Z: Mi piace definire le nostre prime due uscite come l&#8217;alfa e l&#8217;omega dell&#8217;intero disco&#8230; diametralmente opposte come armonia musicale e tematiche trattate racchiudono tra di esse tutti i brani del disco.<\/p>\n<p><span style=\"color: #008000;\"><strong>3) Formazione a tre, cantato in Inglese, testi tra personale e politico. Siete sicuri che ci sia spazio per voi in Italia e in particolare a Bologna? Sperate o pensate di poter raccogliere maggiori risposte all&#8217;estero oppure l&#8217;Italia si \u00e8 finalmente liberata della diffidenza verso queste caratteristiche? Parlo un po&#8217; anche per esperienza personale \u2013 con gli Smashrooms abbiamo suonato parecchio in Italia, ma era all&#8217;estero che trovavamo una migliore risposta in generale.<\/strong><\/span><\/p>\n<p>Z: per me gli Stanis sono prima di tutto tre amici che suonano insieme il genere musicale che amano. di conseguenza dove la nostra musica possa essere pi\u00f9 apprezzata e che spazi riesca a ritagliarsi all&#8217;interno della propria citt\u00e0 ora, nell&#8217;era del digitale e dei social network, \u00e8 un problema che ritengo secondario.<\/p>\n<p><span style=\"color: #008000;\"><strong>4) Vi siete sparati dei bei concerti ultimamente.. Il release show al Grotta Rossa di Rimini, KNRD Fest&#8230; e ci sono dei bei concerti in arrivo! Punk Rock Holiday e The Fest!<br \/>\nPer una band attiva da poco sono bei risultati! Siete tutte persone conosciute nell&#8217;ambito punk e questo sicuramente aiuta. Quanto \u00e8 difficile oggi per una band autoprodotta, trovare i propri spazi?<\/strong><\/span><\/p>\n<p>Z: quello che abbiamo fatto in poco pi\u00f9 di due anni \u00e8 stata una conseguenza della nostra attivit\u00e0 pregressa in altre band. Il consiglio pi\u00f9 valido di sempre che posso dare a chiunque abbia una band e voglia suonare in giro \u00e8 quello di essere presente il pi\u00f9 possibile agli eventi, supportare e sopratutto parlare, divertirsi e condividere esperienze con chi ha la tua stessa passione.<\/p>\n<p>S: La difficolt\u00e0 \u00e8 sempre nel trovare gli spazi dove poter suonare, non solo punk rock, ma qualsiasi genere. Locali storici che davano spazio a piccole band come la nostra (magari in apertura a band un po pi\u00f9 grosse) ora si buttano sulle tribute band. Oggi poi \u00e8 molto triste vedere che i pochi spazi rimasti vengono chiusi o sgomberati, come ad esempio l\u2019XM24<\/p>\n<p><span style=\"color: #008000;\"><strong>5) Diteci cinque cose che nessuno sa circa gli Stanis e cinque cose che nessuno sa circa \u201cTales from a Modern Society\u201d e il lavoro che c&#8217;\u00e8 stato dietro!<\/strong><\/span><\/p>\n<p>S: Wow 5 cose che nessuno sa sono tante, quella che a me fa pi\u00f9 ridere \u00e8 che in Italia tutti capiscono che il nostro nome \u00e8 preso da Stanis La Rochelle, personaggio di Boris, ma all\u2019estero (dove ovviamente nessuno conosce Boris) pensano che il nome sia preso da Stanis Baretheon di Game of Thrones, che non \u00e8 proprio il personaggio pi\u00f9 simpatico della serie. Un altra situazione divertente \u00e8 quando abbiamo girato il video di \u201cReady Reply\u201d, eravamo un po preoccupati a girare con un costume da lupo nel parco pubblico pi\u00f9 grande di Bologna perch\u00e8 avrebbe potuto creare scompiglio e di andare incontro a dei guai, non avevamo considerato l\u2019ipotesi che genitori con i propri figli ci fermassero e chiedessero se i loro bambini potevano far una foto con Stanis (che \u00e8 il nome che abbiamo dato alla nostra mascotte)<\/p>\n<p>Z: allora&#8230; alcuni dettagli particolari di Tales From A Modern Society invece sono il fatto che sia stato registrato in tre momenti differenti nell\u2019arco del 2017 e 2018 e che molte canzoni abbiano avuto diverse versioni del testo, per alcune riguardanti anche tematiche molto diverse, prima di trovare la loro forma definitiva.<\/p>\n<p><span style=\"color: #008000;\"><strong>6) Cosa succeder\u00e0 oltre al Punk Rock Holiday e The Fest per gli Stanis nei prossimi mesi?<\/strong><\/span><\/p>\n<p>S: Il nostro obiettivo \u00e8 suonare ovunque e conoscere pi\u00f9 gente possibile, divertendoci! Non abbiamo davvero altri obiettivi al momento<\/p>\n<p><span style=\"color: #008000;\"><strong>7) Suggeriteci qualche gruppo poco conosciuto che merita la nostra attenzione!<\/strong><\/span><\/p>\n<p>Z: Purtroppo il concetto di poco conosciuto \u00e8 estremamente relativo&#8230; personalmente penso che le migliori band in circolazione al momento siano Astpai, Deaf, Not On Tour e Darko&#8230; inoltre al KNRD sono stato colpito super positivamente da band come La Armada, Faintest Idea e Fights &amp; Fire!<\/p>\n<p>S: Di gruppi ce ne sono tantissimi e tutti validissimi! Oltre a quelli citati da Zed, io aggiungo Drones, CF98, Resolutions, Hell &amp; Back e Bates Motel<\/p>\n<p><span style=\"color: #008000;\"><strong>8) Avete spazio per dire quello che volete dire a chi legger\u00e0 questa intervista!<\/strong><\/span><\/p>\n<p>S: Grazie a quelli che hanno speso tempo e interesse per gli Stanis, ripaga di tutte le energie che abbiamo messo in questo disco<\/p>\n<p>Z: grazie mille del tempo dedicatoci! speriamo di vederci presto sopra, sotto, dietro, a lato del palco a condividere musica<\/p>\n<p>FACEBOOK: <a href=\"https:\/\/www.facebook.com\/stanispunxhc\/\" target=\"_blank\" rel=\"noopener noreferrer\">https:\/\/www.facebook.com\/stanispunxhc\/<\/a><br \/>\nASCOLTATE &#8220;Tales From A Modern Society&#8221;:<\/p>\n<p><iframe style=\"border: 0; width: 350px; height: 470px;\" src=\"https:\/\/bandcamp.com\/EmbeddedPlayer\/album=3290022560\/size=large\/bgcol=ffffff\/linkcol=0687f5\/tracklist=false\/transparent=true\/\" seamless=\"\"><a href=\"http:\/\/stanis.bandcamp.com\/album\/tales-from-a-modern-society\">Tales From a Modern Society by Stanis<\/a><\/iframe><\/p>\n","protected":false},"excerpt":{"rendered":"<p>STANIS \u00e8 un trio bolognese dedito ad un mix di punk rock, skate punk e hardcore melodico. Sono appena approdati alla loro prima uscita sulla lunga distanza, dopo alcune registrazioni pi\u00f9 brevi che hanno per\u00f2 permesso al gruppo di farsi apprezzare tra gli appassionati di queste sonorit\u00e0. \u201cTales from a Modern Society\u201d \u00e8 un viaggio [&hellip;]<\/p>\n","protected":false},"author":2,"featured_media":4619,"comment_status":"closed","ping_status":"closed","sticky":false,"template":"","format":"standard","meta":{"footnotes":""},"categories":[25],"tags":[],"class_list":["post-4618","post","type-post","status-publish","format-standard","has-post-thumbnail","hentry","category-blog-en"],"yoast_head":"<!-- This site is optimized with the Yoast SEO plugin v25.0 - https:\/\/yoast.com\/wordpress\/plugins\/seo\/ -->\n<title>Il nuovo album degli STANIS da voce alla societ\u00e0 moderna (Italian Only) - Epidemic Records<\/title>\n<meta name=\"robots\" content=\"index, follow, max-snippet:-1, max-image-preview:large, max-video-preview:-1\" \/>\n<link rel=\"canonical\" href=\"https:\/\/www.epidemicrecords.net\/v2019\/en\/2019\/10\/08\/il-nuovo-album-degli-stanis-da-voce-alla-societa-moderna-italian-only\/\" \/>\n<meta property=\"og:locale\" content=\"it_IT\" \/>\n<meta property=\"og:type\" content=\"article\" \/>\n<meta property=\"og:title\" content=\"Il nuovo album degli STANIS da voce alla societ\u00e0 moderna (Italian Only) - Epidemic Records\" \/>\n<meta property=\"og:description\" content=\"STANIS \u00e8 un trio bolognese dedito ad un mix di punk rock, skate punk e hardcore melodico. Sono appena approdati alla loro prima uscita sulla lunga distanza, dopo alcune registrazioni pi\u00f9 brevi che hanno per\u00f2 permesso al gruppo di farsi apprezzare tra gli appassionati di queste sonorit\u00e0. \u201cTales from a Modern Society\u201d \u00e8 un viaggio [&hellip;]\" \/>\n<meta property=\"og:url\" content=\"https:\/\/www.epidemicrecords.net\/v2019\/en\/2019\/10\/08\/il-nuovo-album-degli-stanis-da-voce-alla-societa-moderna-italian-only\/\" \/>\n<meta property=\"og:site_name\" content=\"Epidemic Records\" \/>\n<meta property=\"article:publisher\" content=\"http:\/\/www.facebook.com\/epidemicrecordshc\" \/>\n<meta property=\"article:published_time\" content=\"2019-10-08T15:24:31+00:00\" \/>\n<meta property=\"article:modified_time\" content=\"2019-10-08T15:25:50+00:00\" \/>\n<meta property=\"og:image\" content=\"https:\/\/www.epidemicrecords.net\/v2019\/wp-content\/uploads\/2019\/10\/Ready-Reply-il-nuovo-videoclip-degli-Stanis1.jpg\" \/>\n\t<meta property=\"og:image:width\" content=\"500\" \/>\n\t<meta property=\"og:image:height\" content=\"333\" \/>\n\t<meta property=\"og:image:type\" content=\"image\/jpeg\" \/>\n<meta name=\"author\" content=\"Gabriele\" \/>\n<meta name=\"twitter:card\" content=\"summary_large_image\" \/>\n<meta name=\"twitter:creator\" content=\"@epidemicrecs\" \/>\n<meta name=\"twitter:site\" content=\"@epidemicrecs\" \/>\n<meta name=\"twitter:label1\" content=\"Scritto da\" \/>\n\t<meta name=\"twitter:data1\" content=\"Gabriele\" \/>\n\t<meta name=\"twitter:label2\" content=\"Tempo di lettura stimato\" \/>\n\t<meta name=\"twitter:data2\" content=\"5 minuti\" \/>\n<script type=\"application\/ld+json\" class=\"yoast-schema-graph\">{\"@context\":\"https:\/\/schema.org\",\"@graph\":[{\"@type\":\"Article\",\"@id\":\"https:\/\/www.epidemicrecords.net\/v2019\/en\/2019\/10\/08\/il-nuovo-album-degli-stanis-da-voce-alla-societa-moderna-italian-only\/#article\",\"isPartOf\":{\"@id\":\"https:\/\/www.epidemicrecords.net\/v2019\/en\/2019\/10\/08\/il-nuovo-album-degli-stanis-da-voce-alla-societa-moderna-italian-only\/\"},\"author\":{\"name\":\"Gabriele\",\"@id\":\"https:\/\/www.epidemicrecords.net\/v2019\/#\/schema\/person\/e2cff227657e3cabdde72daaf4b738b2\"},\"headline\":\"Il nuovo album degli STANIS da voce alla societ\u00e0 moderna (Italian Only)\",\"datePublished\":\"2019-10-08T15:24:31+00:00\",\"dateModified\":\"2019-10-08T15:25:50+00:00\",\"mainEntityOfPage\":{\"@id\":\"https:\/\/www.epidemicrecords.net\/v2019\/en\/2019\/10\/08\/il-nuovo-album-degli-stanis-da-voce-alla-societa-moderna-italian-only\/\"},\"wordCount\":958,\"publisher\":{\"@id\":\"https:\/\/www.epidemicrecords.net\/v2019\/#organization\"},\"image\":{\"@id\":\"https:\/\/www.epidemicrecords.net\/v2019\/en\/2019\/10\/08\/il-nuovo-album-degli-stanis-da-voce-alla-societa-moderna-italian-only\/#primaryimage\"},\"thumbnailUrl\":\"https:\/\/www.epidemicrecords.net\/v2019\/wp-content\/uploads\/2019\/10\/Ready-Reply-il-nuovo-videoclip-degli-Stanis1.jpg\",\"articleSection\":[\"Blog\"],\"inLanguage\":\"it-IT\"},{\"@type\":\"WebPage\",\"@id\":\"https:\/\/www.epidemicrecords.net\/v2019\/en\/2019\/10\/08\/il-nuovo-album-degli-stanis-da-voce-alla-societa-moderna-italian-only\/\",\"url\":\"https:\/\/www.epidemicrecords.net\/v2019\/en\/2019\/10\/08\/il-nuovo-album-degli-stanis-da-voce-alla-societa-moderna-italian-only\/\",\"name\":\"Il nuovo album degli STANIS da voce alla societ\u00e0 moderna (Italian Only) - Epidemic Records\",\"isPartOf\":{\"@id\":\"https:\/\/www.epidemicrecords.net\/v2019\/#website\"},\"primaryImageOfPage\":{\"@id\":\"https:\/\/www.epidemicrecords.net\/v2019\/en\/2019\/10\/08\/il-nuovo-album-degli-stanis-da-voce-alla-societa-moderna-italian-only\/#primaryimage\"},\"image\":{\"@id\":\"https:\/\/www.epidemicrecords.net\/v2019\/en\/2019\/10\/08\/il-nuovo-album-degli-stanis-da-voce-alla-societa-moderna-italian-only\/#primaryimage\"},\"thumbnailUrl\":\"https:\/\/www.epidemicrecords.net\/v2019\/wp-content\/uploads\/2019\/10\/Ready-Reply-il-nuovo-videoclip-degli-Stanis1.jpg\",\"datePublished\":\"2019-10-08T15:24:31+00:00\",\"dateModified\":\"2019-10-08T15:25:50+00:00\",\"breadcrumb\":{\"@id\":\"https:\/\/www.epidemicrecords.net\/v2019\/en\/2019\/10\/08\/il-nuovo-album-degli-stanis-da-voce-alla-societa-moderna-italian-only\/#breadcrumb\"},\"inLanguage\":\"it-IT\",\"potentialAction\":[{\"@type\":\"ReadAction\",\"target\":[\"https:\/\/www.epidemicrecords.net\/v2019\/en\/2019\/10\/08\/il-nuovo-album-degli-stanis-da-voce-alla-societa-moderna-italian-only\/\"]}]},{\"@type\":\"ImageObject\",\"inLanguage\":\"it-IT\",\"@id\":\"https:\/\/www.epidemicrecords.net\/v2019\/en\/2019\/10\/08\/il-nuovo-album-degli-stanis-da-voce-alla-societa-moderna-italian-only\/#primaryimage\",\"url\":\"https:\/\/www.epidemicrecords.net\/v2019\/wp-content\/uploads\/2019\/10\/Ready-Reply-il-nuovo-videoclip-degli-Stanis1.jpg\",\"contentUrl\":\"https:\/\/www.epidemicrecords.net\/v2019\/wp-content\/uploads\/2019\/10\/Ready-Reply-il-nuovo-videoclip-degli-Stanis1.jpg\",\"width\":500,\"height\":333},{\"@type\":\"BreadcrumbList\",\"@id\":\"https:\/\/www.epidemicrecords.net\/v2019\/en\/2019\/10\/08\/il-nuovo-album-degli-stanis-da-voce-alla-societa-moderna-italian-only\/#breadcrumb\",\"itemListElement\":[{\"@type\":\"ListItem\",\"position\":1,\"name\":\"Home\",\"item\":\"https:\/\/www.epidemicrecords.net\/v2019\/en\/home-2\/\"},{\"@type\":\"ListItem\",\"position\":2,\"name\":\"Il nuovo album degli STANIS da voce alla societ\u00e0 moderna (Italian Only)\"}]},{\"@type\":\"WebSite\",\"@id\":\"https:\/\/www.epidemicrecords.net\/v2019\/#website\",\"url\":\"https:\/\/www.epidemicrecords.net\/v2019\/\",\"name\":\"Epidemic Records\",\"description\":\"This Is More Than Music. This Is What We Believe In.\",\"publisher\":{\"@id\":\"https:\/\/www.epidemicrecords.net\/v2019\/#organization\"},\"potentialAction\":[{\"@type\":\"SearchAction\",\"target\":{\"@type\":\"EntryPoint\",\"urlTemplate\":\"https:\/\/www.epidemicrecords.net\/v2019\/?s={search_term_string}\"},\"query-input\":{\"@type\":\"PropertyValueSpecification\",\"valueRequired\":true,\"valueName\":\"search_term_string\"}}],\"inLanguage\":\"it-IT\"},{\"@type\":\"Organization\",\"@id\":\"https:\/\/www.epidemicrecords.net\/v2019\/#organization\",\"name\":\"Epidemic Records\",\"url\":\"https:\/\/www.epidemicrecords.net\/v2019\/\",\"logo\":{\"@type\":\"ImageObject\",\"inLanguage\":\"it-IT\",\"@id\":\"https:\/\/www.epidemicrecords.net\/v2019\/#\/schema\/logo\/image\/\",\"url\":\"https:\/\/www.epidemicrecords.net\/v2019\/wp-content\/uploads\/2019\/05\/logo-wp.png\",\"contentUrl\":\"https:\/\/www.epidemicrecords.net\/v2019\/wp-content\/uploads\/2019\/05\/logo-wp.png\",\"width\":200,\"height\":196,\"caption\":\"Epidemic Records\"},\"image\":{\"@id\":\"https:\/\/www.epidemicrecords.net\/v2019\/#\/schema\/logo\/image\/\"},\"sameAs\":[\"http:\/\/www.facebook.com\/epidemicrecordshc\",\"https:\/\/x.com\/epidemicrecs\",\"http:\/\/www.instagram.com\/epidemicrecordshc\"]},{\"@type\":\"Person\",\"@id\":\"https:\/\/www.epidemicrecords.net\/v2019\/#\/schema\/person\/e2cff227657e3cabdde72daaf4b738b2\",\"name\":\"Gabriele\",\"image\":{\"@type\":\"ImageObject\",\"inLanguage\":\"it-IT\",\"@id\":\"https:\/\/www.epidemicrecords.net\/v2019\/#\/schema\/person\/image\/\",\"url\":\"https:\/\/secure.gravatar.com\/avatar\/b5fcb4f27d198f6c2162bc92e4726ffd79ebd15d254ed5679485ba47495e6466?s=96&d=mm&r=g\",\"contentUrl\":\"https:\/\/secure.gravatar.com\/avatar\/b5fcb4f27d198f6c2162bc92e4726ffd79ebd15d254ed5679485ba47495e6466?s=96&d=mm&r=g\",\"caption\":\"Gabriele\"},\"url\":\"https:\/\/www.epidemicrecords.net\/v2019\/author\/gabriele\/\"}]}<\/script>\n<!-- \/ Yoast SEO plugin. -->","yoast_head_json":{"title":"Il nuovo album degli STANIS da voce alla societ\u00e0 moderna (Italian Only) - Epidemic Records","robots":{"index":"index","follow":"follow","max-snippet":"max-snippet:-1","max-image-preview":"max-image-preview:large","max-video-preview":"max-video-preview:-1"},"canonical":"https:\/\/www.epidemicrecords.net\/v2019\/en\/2019\/10\/08\/il-nuovo-album-degli-stanis-da-voce-alla-societa-moderna-italian-only\/","og_locale":"it_IT","og_type":"article","og_title":"Il nuovo album degli STANIS da voce alla societ\u00e0 moderna (Italian Only) - Epidemic Records","og_description":"STANIS \u00e8 un trio bolognese dedito ad un mix di punk rock, skate punk e hardcore melodico. Sono appena approdati alla loro prima uscita sulla lunga distanza, dopo alcune registrazioni pi\u00f9 brevi che hanno per\u00f2 permesso al gruppo di farsi apprezzare tra gli appassionati di queste sonorit\u00e0. \u201cTales from a Modern Society\u201d \u00e8 un viaggio [&hellip;]","og_url":"https:\/\/www.epidemicrecords.net\/v2019\/en\/2019\/10\/08\/il-nuovo-album-degli-stanis-da-voce-alla-societa-moderna-italian-only\/","og_site_name":"Epidemic Records","article_publisher":"http:\/\/www.facebook.com\/epidemicrecordshc","article_published_time":"2019-10-08T15:24:31+00:00","article_modified_time":"2019-10-08T15:25:50+00:00","og_image":[{"width":500,"height":333,"url":"https:\/\/www.epidemicrecords.net\/v2019\/wp-content\/uploads\/2019\/10\/Ready-Reply-il-nuovo-videoclip-degli-Stanis1.jpg","type":"image\/jpeg"}],"author":"Gabriele","twitter_card":"summary_large_image","twitter_creator":"@epidemicrecs","twitter_site":"@epidemicrecs","twitter_misc":{"Scritto da":"Gabriele","Tempo di lettura stimato":"5 minuti"},"schema":{"@context":"https:\/\/schema.org","@graph":[{"@type":"Article","@id":"https:\/\/www.epidemicrecords.net\/v2019\/en\/2019\/10\/08\/il-nuovo-album-degli-stanis-da-voce-alla-societa-moderna-italian-only\/#article","isPartOf":{"@id":"https:\/\/www.epidemicrecords.net\/v2019\/en\/2019\/10\/08\/il-nuovo-album-degli-stanis-da-voce-alla-societa-moderna-italian-only\/"},"author":{"name":"Gabriele","@id":"https:\/\/www.epidemicrecords.net\/v2019\/#\/schema\/person\/e2cff227657e3cabdde72daaf4b738b2"},"headline":"Il nuovo album degli STANIS da voce alla societ\u00e0 moderna (Italian Only)","datePublished":"2019-10-08T15:24:31+00:00","dateModified":"2019-10-08T15:25:50+00:00","mainEntityOfPage":{"@id":"https:\/\/www.epidemicrecords.net\/v2019\/en\/2019\/10\/08\/il-nuovo-album-degli-stanis-da-voce-alla-societa-moderna-italian-only\/"},"wordCount":958,"publisher":{"@id":"https:\/\/www.epidemicrecords.net\/v2019\/#organization"},"image":{"@id":"https:\/\/www.epidemicrecords.net\/v2019\/en\/2019\/10\/08\/il-nuovo-album-degli-stanis-da-voce-alla-societa-moderna-italian-only\/#primaryimage"},"thumbnailUrl":"https:\/\/www.epidemicrecords.net\/v2019\/wp-content\/uploads\/2019\/10\/Ready-Reply-il-nuovo-videoclip-degli-Stanis1.jpg","articleSection":["Blog"],"inLanguage":"it-IT"},{"@type":"WebPage","@id":"https:\/\/www.epidemicrecords.net\/v2019\/en\/2019\/10\/08\/il-nuovo-album-degli-stanis-da-voce-alla-societa-moderna-italian-only\/","url":"https:\/\/www.epidemicrecords.net\/v2019\/en\/2019\/10\/08\/il-nuovo-album-degli-stanis-da-voce-alla-societa-moderna-italian-only\/","name":"Il nuovo album degli STANIS da voce alla societ\u00e0 moderna (Italian Only) - Epidemic Records","isPartOf":{"@id":"https:\/\/www.epidemicrecords.net\/v2019\/#website"},"primaryImageOfPage":{"@id":"https:\/\/www.epidemicrecords.net\/v2019\/en\/2019\/10\/08\/il-nuovo-album-degli-stanis-da-voce-alla-societa-moderna-italian-only\/#primaryimage"},"image":{"@id":"https:\/\/www.epidemicrecords.net\/v2019\/en\/2019\/10\/08\/il-nuovo-album-degli-stanis-da-voce-alla-societa-moderna-italian-only\/#primaryimage"},"thumbnailUrl":"https:\/\/www.epidemicrecords.net\/v2019\/wp-content\/uploads\/2019\/10\/Ready-Reply-il-nuovo-videoclip-degli-Stanis1.jpg","datePublished":"2019-10-08T15:24:31+00:00","dateModified":"2019-10-08T15:25:50+00:00","breadcrumb":{"@id":"https:\/\/www.epidemicrecords.net\/v2019\/en\/2019\/10\/08\/il-nuovo-album-degli-stanis-da-voce-alla-societa-moderna-italian-only\/#breadcrumb"},"inLanguage":"it-IT","potentialAction":[{"@type":"ReadAction","target":["https:\/\/www.epidemicrecords.net\/v2019\/en\/2019\/10\/08\/il-nuovo-album-degli-stanis-da-voce-alla-societa-moderna-italian-only\/"]}]},{"@type":"ImageObject","inLanguage":"it-IT","@id":"https:\/\/www.epidemicrecords.net\/v2019\/en\/2019\/10\/08\/il-nuovo-album-degli-stanis-da-voce-alla-societa-moderna-italian-only\/#primaryimage","url":"https:\/\/www.epidemicrecords.net\/v2019\/wp-content\/uploads\/2019\/10\/Ready-Reply-il-nuovo-videoclip-degli-Stanis1.jpg","contentUrl":"https:\/\/www.epidemicrecords.net\/v2019\/wp-content\/uploads\/2019\/10\/Ready-Reply-il-nuovo-videoclip-degli-Stanis1.jpg","width":500,"height":333},{"@type":"BreadcrumbList","@id":"https:\/\/www.epidemicrecords.net\/v2019\/en\/2019\/10\/08\/il-nuovo-album-degli-stanis-da-voce-alla-societa-moderna-italian-only\/#breadcrumb","itemListElement":[{"@type":"ListItem","position":1,"name":"Home","item":"https:\/\/www.epidemicrecords.net\/v2019\/en\/home-2\/"},{"@type":"ListItem","position":2,"name":"Il nuovo album degli STANIS da voce alla societ\u00e0 moderna (Italian Only)"}]},{"@type":"WebSite","@id":"https:\/\/www.epidemicrecords.net\/v2019\/#website","url":"https:\/\/www.epidemicrecords.net\/v2019\/","name":"Epidemic Records","description":"This Is More Than Music. This Is What We Believe In.","publisher":{"@id":"https:\/\/www.epidemicrecords.net\/v2019\/#organization"},"potentialAction":[{"@type":"SearchAction","target":{"@type":"EntryPoint","urlTemplate":"https:\/\/www.epidemicrecords.net\/v2019\/?s={search_term_string}"},"query-input":{"@type":"PropertyValueSpecification","valueRequired":true,"valueName":"search_term_string"}}],"inLanguage":"it-IT"},{"@type":"Organization","@id":"https:\/\/www.epidemicrecords.net\/v2019\/#organization","name":"Epidemic Records","url":"https:\/\/www.epidemicrecords.net\/v2019\/","logo":{"@type":"ImageObject","inLanguage":"it-IT","@id":"https:\/\/www.epidemicrecords.net\/v2019\/#\/schema\/logo\/image\/","url":"https:\/\/www.epidemicrecords.net\/v2019\/wp-content\/uploads\/2019\/05\/logo-wp.png","contentUrl":"https:\/\/www.epidemicrecords.net\/v2019\/wp-content\/uploads\/2019\/05\/logo-wp.png","width":200,"height":196,"caption":"Epidemic Records"},"image":{"@id":"https:\/\/www.epidemicrecords.net\/v2019\/#\/schema\/logo\/image\/"},"sameAs":["http:\/\/www.facebook.com\/epidemicrecordshc","https:\/\/x.com\/epidemicrecs","http:\/\/www.instagram.com\/epidemicrecordshc"]},{"@type":"Person","@id":"https:\/\/www.epidemicrecords.net\/v2019\/#\/schema\/person\/e2cff227657e3cabdde72daaf4b738b2","name":"Gabriele","image":{"@type":"ImageObject","inLanguage":"it-IT","@id":"https:\/\/www.epidemicrecords.net\/v2019\/#\/schema\/person\/image\/","url":"https:\/\/secure.gravatar.com\/avatar\/b5fcb4f27d198f6c2162bc92e4726ffd79ebd15d254ed5679485ba47495e6466?s=96&d=mm&r=g","contentUrl":"https:\/\/secure.gravatar.com\/avatar\/b5fcb4f27d198f6c2162bc92e4726ffd79ebd15d254ed5679485ba47495e6466?s=96&d=mm&r=g","caption":"Gabriele"},"url":"https:\/\/www.epidemicrecords.net\/v2019\/author\/gabriele\/"}]}},"_links":{"self":[{"href":"https:\/\/www.epidemicrecords.net\/v2019\/wp-json\/wp\/v2\/posts\/4618","targetHints":{"allow":["GET"]}}],"collection":[{"href":"https:\/\/www.epidemicrecords.net\/v2019\/wp-json\/wp\/v2\/posts"}],"about":[{"href":"https:\/\/www.epidemicrecords.net\/v2019\/wp-json\/wp\/v2\/types\/post"}],"author":[{"embeddable":true,"href":"https:\/\/www.epidemicrecords.net\/v2019\/wp-json\/wp\/v2\/users\/2"}],"replies":[{"embeddable":true,"href":"https:\/\/www.epidemicrecords.net\/v2019\/wp-json\/wp\/v2\/comments?post=4618"}],"version-history":[{"count":4,"href":"https:\/\/www.epidemicrecords.net\/v2019\/wp-json\/wp\/v2\/posts\/4618\/revisions"}],"predecessor-version":[{"id":4625,"href":"https:\/\/www.epidemicrecords.net\/v2019\/wp-json\/wp\/v2\/posts\/4618\/revisions\/4625"}],"wp:featuredmedia":[{"embeddable":true,"href":"https:\/\/www.epidemicrecords.net\/v2019\/wp-json\/wp\/v2\/media\/4619"}],"wp:attachment":[{"href":"https:\/\/www.epidemicrecords.net\/v2019\/wp-json\/wp\/v2\/media?parent=4618"}],"wp:term":[{"taxonomy":"category","embeddable":true,"href":"https:\/\/www.epidemicrecords.net\/v2019\/wp-json\/wp\/v2\/categories?post=4618"},{"taxonomy":"post_tag","embeddable":true,"href":"https:\/\/www.epidemicrecords.net\/v2019\/wp-json\/wp\/v2\/tags?post=4618"}],"curies":[{"name":"wp","href":"https:\/\/api.w.org\/{rel}","templated":true}]}}