{"id":4697,"date":"2020-01-18T16:13:17","date_gmt":"2020-01-18T15:13:17","guid":{"rendered":"https:\/\/www.epidemicrecords.net\/v2019\/?p=4697"},"modified":"2020-03-12T16:14:46","modified_gmt":"2020-03-12T15:14:46","slug":"gab-de-la-vega-pubblica-yyz-il-secondo-video-dal-nuovo-album-beyond-space-and-time","status":"publish","type":"post","link":"https:\/\/www.epidemicrecords.net\/v2019\/2020\/01\/18\/gab-de-la-vega-pubblica-yyz-il-secondo-video-dal-nuovo-album-beyond-space-and-time\/","title":{"rendered":"Gab De La Vega pubblica \u201cYYZ\u201d, il secondo video dal nuovo album \u201cBeyond Space And Time\u201d"},"content":{"rendered":"<p>YYZ \u00e8 il nuovo video di Gab De La Vega, che ha chiuso il 2019 con l&#8217;uscita di &#8220;Perfect Texture&#8221;, primo singolo a rivelare il nuovo disco &#8220;Beyond Space And Time&#8221;, il suo terzo full length album, in uscita il 24 gennaio.<\/p>\n<p><iframe loading=\"lazy\" src=\"https:\/\/www.youtube.com\/embed\/NPEgavhg3dc\" width=\"560\" height=\"315\" frameborder=\"0\" allowfullscreen=\"allowfullscreen\"><\/iframe><\/p>\n<p>Il brano \u00e8 accompagnato da un video musicale diretto da Jaden D e montato da Bradley James Allen.<\/p>\n<p>Il testo della canzone \u00e8 profondo, personale e rivela la capacit\u00e0 di De La Vega di leggere la propria vita e quella degli altri, il mondo e il tempo in cui viviamo, evocando immagini che potrebbero apparire familiari a molti.<\/p>\n<p>De La Vega commenta:<br \/>\n&#8220;YYZ parla del sentirsi persi e disorientati nella vita. Si tratta del bisogno di trovare il proprio posto nel mondo. I momenti in cui devi prendere decisioni che potrebbero cambiare tutto, senza avere la minima idea di quale potrebbe essere il risultato. Si tratta della lotta quotidiana per dare una direzione alla propria vita e allo stesso tempo accettare di non avere il pieno controllo di tutto ci\u00f2 che ti succede.<br \/>\nIl testo della canzone si riferisce a un pomeriggio d&#8217;estate di due anni fa. Stavo camminando nel centro di Toronto, inseguendo i miei pensieri nei vicoli della mia mente. A un certo punto mi sono guardato intorno e mi sono reso conto che i miei piedi mi avevano portato fuori strada. Dovevo capire dove mi trovavo. Ero un po&#8217; perso, letteralmente&#8230; e metaforicamente&#8221;.<\/p>\n<p>Il video \u00e8 stato girato a Toronto nell&#8217;estate del 2019. Questo \u00e8 ci\u00f2 che De La Vega ha da dire al riguardo:<\/p>\n<p>&#8220;Ho deciso di rendere omaggio alla citt\u00e0 nel video. Amo Toronto, la sento come una seconda casa&#8221;.<br \/>\nJaden, che ha diretto il video, \u00e8 mio cugino ed \u00e8 di Toronto. Abbiamo avuto quest&#8217;idea, cos\u00ec abbiamo fatto il giro della citt\u00e0 e io ho iniziato a fare busking, suonando la canzone in alcuni degli angoli pi\u00f9 e meno frequentati della citt\u00e0.<br \/>\nNon ci sono attori nel video, solo la gente di Toronto. Erano in ritardo per prendere il treno, facevano shopping, erano gruppi di amici o coppie che chiacchieravano, erano persone normali alle prese con la loro vita normale in un normale giorno d&#8217;estate. Noi abbiamo fornito la colonna sonora, ma sono stati loro i protagonisti. Alcuni di loro si sono fermati a sentirmi suonare, anche solo per qualche secondo, ad altri \u00e8 piaciuto e hanno lasciato una moneta nella custodia della chitarra. Ho cercato di seguire il flusso e di entrare a far parte della commedia di quel giorno, impersonando qualcuno la cui vita non \u00e8 diversa da quella di chiunque altro. Credo che sia proprio quello che facciamo, viviamo la nostra vita, interpretiamo le nostre sceneggiature&#8221;.<\/p>\n<p>Il nuovo album &#8220;Beyond Space And Time&#8221; \u00e8 stato registrato e mixato da Simone Piccinelli al La Buca Recording Club di Montichiari e masterizzato da Jack Shirley (Deafheaven, Oathbreaker, Jeff Rosenstock, Sun Valley Gun Club, Gouge Away&#8230;) agli Atomic Garden Recording Studios di Oakland, California.<\/p>\n<p>Pubblicato da <u><a href=\"https:\/\/sable.madmimi.com\/c\/17023?id=9306803.67329.1.04b63ee2dbb3d7c490d8f6101f5fd9ed\">Epidemic Records<\/a><\/u> e dall&#8217;etichetta tedesca <u><a href=\"https:\/\/sable.madmimi.com\/c\/17023?id=9306803.67330.1.d8162c99817f1efc97d760b96b7a3924\">Backbite Records<\/a><\/u>.<\/p>\n<p>I preordini per il vinile, CD e digitale sono in corso su: <a href=\"https:\/\/www.smarturl.com\/GabDeLaVegaBSAT\">https:\/\/www.smarturl.com\/GabDeLaVegaBSAT<\/a><\/p>\n<p>Per festeggiare l&#8217;uscita dell&#8217;album, De La Vega annuncia una prima serie di concerti per tutta l&#8217;Italia, mentre altre date per tutta l&#8217;Europa sono in programma a partire da marzo.<\/p>\n<p>&gt; Solo show:<br \/>\n2.02 \u2013 Martinengo, Comics Bar<\/p>\n<p>&gt; Full band shows:<br \/>\n7.02 \u2013 Cremona, Circolo Arcipelago<br \/>\n8.02 \u2013 Brescia, Lio Bar<br \/>\n9.02 \u2013 Parma, Splinter Club<br \/>\n21.02 \u2013 TBA<br \/>\n22.02 \u2013 TBA<br \/>\n23.02 \u2013 Chiuppano, Osteria Al Castello<\/p>\n<p>Gli show europei sono organizzati da <a href=\"mailto:andrey@flixagency.com\">Flix Agency<\/a> e saranno annunciati a breve.<\/p>\n","protected":false},"excerpt":{"rendered":"<p>YYZ \u00e8 il nuovo video di Gab De La Vega, che ha chiuso il 2019 con l&#8217;uscita di &#8220;Perfect Texture&#8221;, primo singolo a rivelare il nuovo disco &#8220;Beyond Space And Time&#8221;, il suo terzo full length album, in uscita il 24 gennaio. Il brano \u00e8 accompagnato da un video musicale diretto da Jaden D e [&hellip;]<\/p>\n","protected":false},"author":2,"featured_media":4695,"comment_status":"closed","ping_status":"closed","sticky":false,"template":"","format":"standard","meta":{"footnotes":""},"categories":[4],"tags":[],"class_list":["post-4697","post","type-post","status-publish","format-standard","has-post-thumbnail","hentry","category-news"],"yoast_head":"<!-- This site is optimized with the Yoast SEO plugin v25.0 - https:\/\/yoast.com\/wordpress\/plugins\/seo\/ -->\n<title>Gab De La Vega pubblica \u201cYYZ\u201d, il secondo video dal nuovo album \u201cBeyond Space And Time\u201d - Epidemic Records<\/title>\n<meta name=\"robots\" content=\"index, follow, max-snippet:-1, max-image-preview:large, max-video-preview:-1\" \/>\n<link rel=\"canonical\" href=\"https:\/\/www.epidemicrecords.net\/v2019\/2020\/01\/18\/gab-de-la-vega-pubblica-yyz-il-secondo-video-dal-nuovo-album-beyond-space-and-time\/\" \/>\n<meta property=\"og:locale\" content=\"it_IT\" \/>\n<meta property=\"og:type\" content=\"article\" \/>\n<meta property=\"og:title\" content=\"Gab De La Vega pubblica \u201cYYZ\u201d, il secondo video dal nuovo album \u201cBeyond Space And Time\u201d - Epidemic Records\" \/>\n<meta property=\"og:description\" content=\"YYZ \u00e8 il nuovo video di Gab De La Vega, che ha chiuso il 2019 con l&#8217;uscita di &#8220;Perfect Texture&#8221;, primo singolo a rivelare il nuovo disco &#8220;Beyond Space And Time&#8221;, il suo terzo full length album, in uscita il 24 gennaio. Il brano \u00e8 accompagnato da un video musicale diretto da Jaden D e [&hellip;]\" \/>\n<meta property=\"og:url\" content=\"https:\/\/www.epidemicrecords.net\/v2019\/2020\/01\/18\/gab-de-la-vega-pubblica-yyz-il-secondo-video-dal-nuovo-album-beyond-space-and-time\/\" \/>\n<meta property=\"og:site_name\" content=\"Epidemic Records\" \/>\n<meta property=\"article:publisher\" content=\"http:\/\/www.facebook.com\/epidemicrecordshc\" \/>\n<meta property=\"article:published_time\" content=\"2020-01-18T15:13:17+00:00\" \/>\n<meta property=\"article:modified_time\" content=\"2020-03-12T15:14:46+00:00\" \/>\n<meta property=\"og:image\" content=\"https:\/\/www.epidemicrecords.net\/v2019\/wp-content\/uploads\/2020\/03\/a970416c-89e6-4fed-a1ad-87e5f274dcab1.jpg\" \/>\n\t<meta property=\"og:image:width\" content=\"1920\" \/>\n\t<meta property=\"og:image:height\" content=\"1080\" \/>\n\t<meta property=\"og:image:type\" content=\"image\/jpeg\" \/>\n<meta name=\"author\" content=\"Gabriele\" \/>\n<meta name=\"twitter:card\" content=\"summary_large_image\" \/>\n<meta name=\"twitter:creator\" content=\"@epidemicrecs\" \/>\n<meta name=\"twitter:site\" content=\"@epidemicrecs\" \/>\n<meta name=\"twitter:label1\" content=\"Scritto da\" \/>\n\t<meta name=\"twitter:data1\" content=\"Gabriele\" \/>\n\t<meta name=\"twitter:label2\" content=\"Tempo di lettura stimato\" \/>\n\t<meta name=\"twitter:data2\" content=\"3 minuti\" \/>\n<script type=\"application\/ld+json\" class=\"yoast-schema-graph\">{\"@context\":\"https:\/\/schema.org\",\"@graph\":[{\"@type\":\"Article\",\"@id\":\"https:\/\/www.epidemicrecords.net\/v2019\/2020\/01\/18\/gab-de-la-vega-pubblica-yyz-il-secondo-video-dal-nuovo-album-beyond-space-and-time\/#article\",\"isPartOf\":{\"@id\":\"https:\/\/www.epidemicrecords.net\/v2019\/2020\/01\/18\/gab-de-la-vega-pubblica-yyz-il-secondo-video-dal-nuovo-album-beyond-space-and-time\/\"},\"author\":{\"name\":\"Gabriele\",\"@id\":\"https:\/\/www.epidemicrecords.net\/v2019\/#\/schema\/person\/e2cff227657e3cabdde72daaf4b738b2\"},\"headline\":\"Gab De La Vega pubblica \u201cYYZ\u201d, il secondo video dal nuovo album \u201cBeyond Space And Time\u201d\",\"datePublished\":\"2020-01-18T15:13:17+00:00\",\"dateModified\":\"2020-03-12T15:14:46+00:00\",\"mainEntityOfPage\":{\"@id\":\"https:\/\/www.epidemicrecords.net\/v2019\/2020\/01\/18\/gab-de-la-vega-pubblica-yyz-il-secondo-video-dal-nuovo-album-beyond-space-and-time\/\"},\"wordCount\":588,\"publisher\":{\"@id\":\"https:\/\/www.epidemicrecords.net\/v2019\/#organization\"},\"image\":{\"@id\":\"https:\/\/www.epidemicrecords.net\/v2019\/2020\/01\/18\/gab-de-la-vega-pubblica-yyz-il-secondo-video-dal-nuovo-album-beyond-space-and-time\/#primaryimage\"},\"thumbnailUrl\":\"https:\/\/www.epidemicrecords.net\/v2019\/wp-content\/uploads\/2020\/03\/a970416c-89e6-4fed-a1ad-87e5f274dcab1.jpg\",\"articleSection\":[\"News\"],\"inLanguage\":\"it-IT\"},{\"@type\":\"WebPage\",\"@id\":\"https:\/\/www.epidemicrecords.net\/v2019\/2020\/01\/18\/gab-de-la-vega-pubblica-yyz-il-secondo-video-dal-nuovo-album-beyond-space-and-time\/\",\"url\":\"https:\/\/www.epidemicrecords.net\/v2019\/2020\/01\/18\/gab-de-la-vega-pubblica-yyz-il-secondo-video-dal-nuovo-album-beyond-space-and-time\/\",\"name\":\"Gab De La Vega pubblica \u201cYYZ\u201d, il secondo video dal nuovo album \u201cBeyond Space And Time\u201d - Epidemic Records\",\"isPartOf\":{\"@id\":\"https:\/\/www.epidemicrecords.net\/v2019\/#website\"},\"primaryImageOfPage\":{\"@id\":\"https:\/\/www.epidemicrecords.net\/v2019\/2020\/01\/18\/gab-de-la-vega-pubblica-yyz-il-secondo-video-dal-nuovo-album-beyond-space-and-time\/#primaryimage\"},\"image\":{\"@id\":\"https:\/\/www.epidemicrecords.net\/v2019\/2020\/01\/18\/gab-de-la-vega-pubblica-yyz-il-secondo-video-dal-nuovo-album-beyond-space-and-time\/#primaryimage\"},\"thumbnailUrl\":\"https:\/\/www.epidemicrecords.net\/v2019\/wp-content\/uploads\/2020\/03\/a970416c-89e6-4fed-a1ad-87e5f274dcab1.jpg\",\"datePublished\":\"2020-01-18T15:13:17+00:00\",\"dateModified\":\"2020-03-12T15:14:46+00:00\",\"breadcrumb\":{\"@id\":\"https:\/\/www.epidemicrecords.net\/v2019\/2020\/01\/18\/gab-de-la-vega-pubblica-yyz-il-secondo-video-dal-nuovo-album-beyond-space-and-time\/#breadcrumb\"},\"inLanguage\":\"it-IT\",\"potentialAction\":[{\"@type\":\"ReadAction\",\"target\":[\"https:\/\/www.epidemicrecords.net\/v2019\/2020\/01\/18\/gab-de-la-vega-pubblica-yyz-il-secondo-video-dal-nuovo-album-beyond-space-and-time\/\"]}]},{\"@type\":\"ImageObject\",\"inLanguage\":\"it-IT\",\"@id\":\"https:\/\/www.epidemicrecords.net\/v2019\/2020\/01\/18\/gab-de-la-vega-pubblica-yyz-il-secondo-video-dal-nuovo-album-beyond-space-and-time\/#primaryimage\",\"url\":\"https:\/\/www.epidemicrecords.net\/v2019\/wp-content\/uploads\/2020\/03\/a970416c-89e6-4fed-a1ad-87e5f274dcab1.jpg\",\"contentUrl\":\"https:\/\/www.epidemicrecords.net\/v2019\/wp-content\/uploads\/2020\/03\/a970416c-89e6-4fed-a1ad-87e5f274dcab1.jpg\",\"width\":1920,\"height\":1080},{\"@type\":\"BreadcrumbList\",\"@id\":\"https:\/\/www.epidemicrecords.net\/v2019\/2020\/01\/18\/gab-de-la-vega-pubblica-yyz-il-secondo-video-dal-nuovo-album-beyond-space-and-time\/#breadcrumb\",\"itemListElement\":[{\"@type\":\"ListItem\",\"position\":1,\"name\":\"Home\",\"item\":\"https:\/\/www.epidemicrecords.net\/v2019\/en\/home-2\/\"},{\"@type\":\"ListItem\",\"position\":2,\"name\":\"Gab De La Vega pubblica \u201cYYZ\u201d, il secondo video dal nuovo album \u201cBeyond Space And Time\u201d\"}]},{\"@type\":\"WebSite\",\"@id\":\"https:\/\/www.epidemicrecords.net\/v2019\/#website\",\"url\":\"https:\/\/www.epidemicrecords.net\/v2019\/\",\"name\":\"Epidemic Records\",\"description\":\"This Is More Than Music. This Is What We Believe In.\",\"publisher\":{\"@id\":\"https:\/\/www.epidemicrecords.net\/v2019\/#organization\"},\"potentialAction\":[{\"@type\":\"SearchAction\",\"target\":{\"@type\":\"EntryPoint\",\"urlTemplate\":\"https:\/\/www.epidemicrecords.net\/v2019\/?s={search_term_string}\"},\"query-input\":{\"@type\":\"PropertyValueSpecification\",\"valueRequired\":true,\"valueName\":\"search_term_string\"}}],\"inLanguage\":\"it-IT\"},{\"@type\":\"Organization\",\"@id\":\"https:\/\/www.epidemicrecords.net\/v2019\/#organization\",\"name\":\"Epidemic Records\",\"url\":\"https:\/\/www.epidemicrecords.net\/v2019\/\",\"logo\":{\"@type\":\"ImageObject\",\"inLanguage\":\"it-IT\",\"@id\":\"https:\/\/www.epidemicrecords.net\/v2019\/#\/schema\/logo\/image\/\",\"url\":\"https:\/\/www.epidemicrecords.net\/v2019\/wp-content\/uploads\/2019\/05\/logo-wp.png\",\"contentUrl\":\"https:\/\/www.epidemicrecords.net\/v2019\/wp-content\/uploads\/2019\/05\/logo-wp.png\",\"width\":200,\"height\":196,\"caption\":\"Epidemic Records\"},\"image\":{\"@id\":\"https:\/\/www.epidemicrecords.net\/v2019\/#\/schema\/logo\/image\/\"},\"sameAs\":[\"http:\/\/www.facebook.com\/epidemicrecordshc\",\"https:\/\/x.com\/epidemicrecs\",\"http:\/\/www.instagram.com\/epidemicrecordshc\"]},{\"@type\":\"Person\",\"@id\":\"https:\/\/www.epidemicrecords.net\/v2019\/#\/schema\/person\/e2cff227657e3cabdde72daaf4b738b2\",\"name\":\"Gabriele\",\"image\":{\"@type\":\"ImageObject\",\"inLanguage\":\"it-IT\",\"@id\":\"https:\/\/www.epidemicrecords.net\/v2019\/#\/schema\/person\/image\/\",\"url\":\"https:\/\/secure.gravatar.com\/avatar\/b5fcb4f27d198f6c2162bc92e4726ffd79ebd15d254ed5679485ba47495e6466?s=96&d=mm&r=g\",\"contentUrl\":\"https:\/\/secure.gravatar.com\/avatar\/b5fcb4f27d198f6c2162bc92e4726ffd79ebd15d254ed5679485ba47495e6466?s=96&d=mm&r=g\",\"caption\":\"Gabriele\"},\"url\":\"https:\/\/www.epidemicrecords.net\/v2019\/author\/gabriele\/\"}]}<\/script>\n<!-- \/ Yoast SEO plugin. -->","yoast_head_json":{"title":"Gab De La Vega pubblica \u201cYYZ\u201d, il secondo video dal nuovo album \u201cBeyond Space And Time\u201d - Epidemic Records","robots":{"index":"index","follow":"follow","max-snippet":"max-snippet:-1","max-image-preview":"max-image-preview:large","max-video-preview":"max-video-preview:-1"},"canonical":"https:\/\/www.epidemicrecords.net\/v2019\/2020\/01\/18\/gab-de-la-vega-pubblica-yyz-il-secondo-video-dal-nuovo-album-beyond-space-and-time\/","og_locale":"it_IT","og_type":"article","og_title":"Gab De La Vega pubblica \u201cYYZ\u201d, il secondo video dal nuovo album \u201cBeyond Space And Time\u201d - Epidemic Records","og_description":"YYZ \u00e8 il nuovo video di Gab De La Vega, che ha chiuso il 2019 con l&#8217;uscita di &#8220;Perfect Texture&#8221;, primo singolo a rivelare il nuovo disco &#8220;Beyond Space And Time&#8221;, il suo terzo full length album, in uscita il 24 gennaio. Il brano \u00e8 accompagnato da un video musicale diretto da Jaden D e [&hellip;]","og_url":"https:\/\/www.epidemicrecords.net\/v2019\/2020\/01\/18\/gab-de-la-vega-pubblica-yyz-il-secondo-video-dal-nuovo-album-beyond-space-and-time\/","og_site_name":"Epidemic Records","article_publisher":"http:\/\/www.facebook.com\/epidemicrecordshc","article_published_time":"2020-01-18T15:13:17+00:00","article_modified_time":"2020-03-12T15:14:46+00:00","og_image":[{"width":1920,"height":1080,"url":"https:\/\/www.epidemicrecords.net\/v2019\/wp-content\/uploads\/2020\/03\/a970416c-89e6-4fed-a1ad-87e5f274dcab1.jpg","type":"image\/jpeg"}],"author":"Gabriele","twitter_card":"summary_large_image","twitter_creator":"@epidemicrecs","twitter_site":"@epidemicrecs","twitter_misc":{"Scritto da":"Gabriele","Tempo di lettura stimato":"3 minuti"},"schema":{"@context":"https:\/\/schema.org","@graph":[{"@type":"Article","@id":"https:\/\/www.epidemicrecords.net\/v2019\/2020\/01\/18\/gab-de-la-vega-pubblica-yyz-il-secondo-video-dal-nuovo-album-beyond-space-and-time\/#article","isPartOf":{"@id":"https:\/\/www.epidemicrecords.net\/v2019\/2020\/01\/18\/gab-de-la-vega-pubblica-yyz-il-secondo-video-dal-nuovo-album-beyond-space-and-time\/"},"author":{"name":"Gabriele","@id":"https:\/\/www.epidemicrecords.net\/v2019\/#\/schema\/person\/e2cff227657e3cabdde72daaf4b738b2"},"headline":"Gab De La Vega pubblica \u201cYYZ\u201d, il secondo video dal nuovo album \u201cBeyond Space And Time\u201d","datePublished":"2020-01-18T15:13:17+00:00","dateModified":"2020-03-12T15:14:46+00:00","mainEntityOfPage":{"@id":"https:\/\/www.epidemicrecords.net\/v2019\/2020\/01\/18\/gab-de-la-vega-pubblica-yyz-il-secondo-video-dal-nuovo-album-beyond-space-and-time\/"},"wordCount":588,"publisher":{"@id":"https:\/\/www.epidemicrecords.net\/v2019\/#organization"},"image":{"@id":"https:\/\/www.epidemicrecords.net\/v2019\/2020\/01\/18\/gab-de-la-vega-pubblica-yyz-il-secondo-video-dal-nuovo-album-beyond-space-and-time\/#primaryimage"},"thumbnailUrl":"https:\/\/www.epidemicrecords.net\/v2019\/wp-content\/uploads\/2020\/03\/a970416c-89e6-4fed-a1ad-87e5f274dcab1.jpg","articleSection":["News"],"inLanguage":"it-IT"},{"@type":"WebPage","@id":"https:\/\/www.epidemicrecords.net\/v2019\/2020\/01\/18\/gab-de-la-vega-pubblica-yyz-il-secondo-video-dal-nuovo-album-beyond-space-and-time\/","url":"https:\/\/www.epidemicrecords.net\/v2019\/2020\/01\/18\/gab-de-la-vega-pubblica-yyz-il-secondo-video-dal-nuovo-album-beyond-space-and-time\/","name":"Gab De La Vega pubblica \u201cYYZ\u201d, il secondo video dal nuovo album \u201cBeyond Space And Time\u201d - Epidemic Records","isPartOf":{"@id":"https:\/\/www.epidemicrecords.net\/v2019\/#website"},"primaryImageOfPage":{"@id":"https:\/\/www.epidemicrecords.net\/v2019\/2020\/01\/18\/gab-de-la-vega-pubblica-yyz-il-secondo-video-dal-nuovo-album-beyond-space-and-time\/#primaryimage"},"image":{"@id":"https:\/\/www.epidemicrecords.net\/v2019\/2020\/01\/18\/gab-de-la-vega-pubblica-yyz-il-secondo-video-dal-nuovo-album-beyond-space-and-time\/#primaryimage"},"thumbnailUrl":"https:\/\/www.epidemicrecords.net\/v2019\/wp-content\/uploads\/2020\/03\/a970416c-89e6-4fed-a1ad-87e5f274dcab1.jpg","datePublished":"2020-01-18T15:13:17+00:00","dateModified":"2020-03-12T15:14:46+00:00","breadcrumb":{"@id":"https:\/\/www.epidemicrecords.net\/v2019\/2020\/01\/18\/gab-de-la-vega-pubblica-yyz-il-secondo-video-dal-nuovo-album-beyond-space-and-time\/#breadcrumb"},"inLanguage":"it-IT","potentialAction":[{"@type":"ReadAction","target":["https:\/\/www.epidemicrecords.net\/v2019\/2020\/01\/18\/gab-de-la-vega-pubblica-yyz-il-secondo-video-dal-nuovo-album-beyond-space-and-time\/"]}]},{"@type":"ImageObject","inLanguage":"it-IT","@id":"https:\/\/www.epidemicrecords.net\/v2019\/2020\/01\/18\/gab-de-la-vega-pubblica-yyz-il-secondo-video-dal-nuovo-album-beyond-space-and-time\/#primaryimage","url":"https:\/\/www.epidemicrecords.net\/v2019\/wp-content\/uploads\/2020\/03\/a970416c-89e6-4fed-a1ad-87e5f274dcab1.jpg","contentUrl":"https:\/\/www.epidemicrecords.net\/v2019\/wp-content\/uploads\/2020\/03\/a970416c-89e6-4fed-a1ad-87e5f274dcab1.jpg","width":1920,"height":1080},{"@type":"BreadcrumbList","@id":"https:\/\/www.epidemicrecords.net\/v2019\/2020\/01\/18\/gab-de-la-vega-pubblica-yyz-il-secondo-video-dal-nuovo-album-beyond-space-and-time\/#breadcrumb","itemListElement":[{"@type":"ListItem","position":1,"name":"Home","item":"https:\/\/www.epidemicrecords.net\/v2019\/en\/home-2\/"},{"@type":"ListItem","position":2,"name":"Gab De La Vega pubblica \u201cYYZ\u201d, il secondo video dal nuovo album \u201cBeyond Space And Time\u201d"}]},{"@type":"WebSite","@id":"https:\/\/www.epidemicrecords.net\/v2019\/#website","url":"https:\/\/www.epidemicrecords.net\/v2019\/","name":"Epidemic Records","description":"This Is More Than Music. This Is What We Believe In.","publisher":{"@id":"https:\/\/www.epidemicrecords.net\/v2019\/#organization"},"potentialAction":[{"@type":"SearchAction","target":{"@type":"EntryPoint","urlTemplate":"https:\/\/www.epidemicrecords.net\/v2019\/?s={search_term_string}"},"query-input":{"@type":"PropertyValueSpecification","valueRequired":true,"valueName":"search_term_string"}}],"inLanguage":"it-IT"},{"@type":"Organization","@id":"https:\/\/www.epidemicrecords.net\/v2019\/#organization","name":"Epidemic Records","url":"https:\/\/www.epidemicrecords.net\/v2019\/","logo":{"@type":"ImageObject","inLanguage":"it-IT","@id":"https:\/\/www.epidemicrecords.net\/v2019\/#\/schema\/logo\/image\/","url":"https:\/\/www.epidemicrecords.net\/v2019\/wp-content\/uploads\/2019\/05\/logo-wp.png","contentUrl":"https:\/\/www.epidemicrecords.net\/v2019\/wp-content\/uploads\/2019\/05\/logo-wp.png","width":200,"height":196,"caption":"Epidemic Records"},"image":{"@id":"https:\/\/www.epidemicrecords.net\/v2019\/#\/schema\/logo\/image\/"},"sameAs":["http:\/\/www.facebook.com\/epidemicrecordshc","https:\/\/x.com\/epidemicrecs","http:\/\/www.instagram.com\/epidemicrecordshc"]},{"@type":"Person","@id":"https:\/\/www.epidemicrecords.net\/v2019\/#\/schema\/person\/e2cff227657e3cabdde72daaf4b738b2","name":"Gabriele","image":{"@type":"ImageObject","inLanguage":"it-IT","@id":"https:\/\/www.epidemicrecords.net\/v2019\/#\/schema\/person\/image\/","url":"https:\/\/secure.gravatar.com\/avatar\/b5fcb4f27d198f6c2162bc92e4726ffd79ebd15d254ed5679485ba47495e6466?s=96&d=mm&r=g","contentUrl":"https:\/\/secure.gravatar.com\/avatar\/b5fcb4f27d198f6c2162bc92e4726ffd79ebd15d254ed5679485ba47495e6466?s=96&d=mm&r=g","caption":"Gabriele"},"url":"https:\/\/www.epidemicrecords.net\/v2019\/author\/gabriele\/"}]}},"_links":{"self":[{"href":"https:\/\/www.epidemicrecords.net\/v2019\/wp-json\/wp\/v2\/posts\/4697","targetHints":{"allow":["GET"]}}],"collection":[{"href":"https:\/\/www.epidemicrecords.net\/v2019\/wp-json\/wp\/v2\/posts"}],"about":[{"href":"https:\/\/www.epidemicrecords.net\/v2019\/wp-json\/wp\/v2\/types\/post"}],"author":[{"embeddable":true,"href":"https:\/\/www.epidemicrecords.net\/v2019\/wp-json\/wp\/v2\/users\/2"}],"replies":[{"embeddable":true,"href":"https:\/\/www.epidemicrecords.net\/v2019\/wp-json\/wp\/v2\/comments?post=4697"}],"version-history":[{"count":1,"href":"https:\/\/www.epidemicrecords.net\/v2019\/wp-json\/wp\/v2\/posts\/4697\/revisions"}],"predecessor-version":[{"id":4698,"href":"https:\/\/www.epidemicrecords.net\/v2019\/wp-json\/wp\/v2\/posts\/4697\/revisions\/4698"}],"wp:featuredmedia":[{"embeddable":true,"href":"https:\/\/www.epidemicrecords.net\/v2019\/wp-json\/wp\/v2\/media\/4695"}],"wp:attachment":[{"href":"https:\/\/www.epidemicrecords.net\/v2019\/wp-json\/wp\/v2\/media?parent=4697"}],"wp:term":[{"taxonomy":"category","embeddable":true,"href":"https:\/\/www.epidemicrecords.net\/v2019\/wp-json\/wp\/v2\/categories?post=4697"},{"taxonomy":"post_tag","embeddable":true,"href":"https:\/\/www.epidemicrecords.net\/v2019\/wp-json\/wp\/v2\/tags?post=4697"}],"curies":[{"name":"wp","href":"https:\/\/api.w.org\/{rel}","templated":true}]}}