{"id":4776,"date":"2020-07-14T16:29:34","date_gmt":"2020-07-14T14:29:34","guid":{"rendered":"https:\/\/www.epidemicrecords.net\/v2019\/?p=4776"},"modified":"2020-07-14T17:00:41","modified_gmt":"2020-07-14T15:00:41","slug":"regarde-pubblicano-un-nuovo-video-che-cattura-i-sentimenti-del-lockdown","status":"publish","type":"post","link":"https:\/\/www.epidemicrecords.net\/v2019\/2020\/07\/14\/regarde-pubblicano-un-nuovo-video-che-cattura-i-sentimenti-del-lockdown\/","title":{"rendered":"REGARDE PUBBLICANO UN NUOVO VIDEO CHE CATTURA I SENTIMENTI DEL LOCKDOWN"},"content":{"rendered":"<p>Regarde pubblicano un nuovo video per un brano carico di emozioni, un video che cattura le sensazioni che tutti noi abbiamo provato durante l&#8217;isolamento dovuto al Covid 19.<br \/>\nIl video \u00e8 stato montato a partire dalle riprese di Stella Tosi.<br \/>\nLa canzone \u00e8 presente nel loro nuovo album &#8220;The Blue And You&#8221;, uscito proprio prima della pandemia per Epidemic Records e Through Love Records.<\/p>\n<p><iframe loading=\"lazy\" src=\"https:\/\/www.youtube.com\/embed\/mlZAqmI5BDk\" width=\"560\" height=\"315\" frameborder=\"0\" allowfullscreen=\"allowfullscreen\"><\/iframe><\/p>\n<p>Il commento della band:<br \/>\n&#8220;In questi ultimi mesi di vita vissuta a met\u00e0, ci siamo trovati a osservare i nostri spazi con occhi nuovi. Ci \u00e8 sembrato di riguardare la nostra vecchia realt\u00e0 attraverso lo spioncino di una porta.<br \/>\nIl filmato \u00e8 stato interamente girato durante l&#8217;isolamento, all&#8217;interno di un&#8217;unica casa, con la telecamera di un telefono.<br \/>\n&#8220;Carried Away&#8221; parla di una primavera che non arriver\u00e0 mai, lasciandoci un sapore agrodolce di perdita e malinconia&#8221;.<\/p>\n<p>Buy &#8220;The Blue and You&#8221; Full Length on<span class=\"text_exposed_show\"><br \/>\n<a class=\"profileLink\" href=\"https:\/\/www.facebook.com\/epidemicrecordshc\/?__tn__=K-R&amp;eid=ARCBeMvUj8go1FeMksonxDcqkrO_aauyt1Ah8pqkpnFA8yKNhkcJuoaAv5RGLNkBeolTHc0CQvLSH-yu&amp;fref=mentions&amp;__xts__%5B0%5D=68.ARAfhnJyOlXg83uCcjRbrac9qrv9Q1QWjGwrkJ_T3T2tF7Jvw4jg-IArmGEGvJFO98-pbfP3ITGbKXnCv7GquYClmlzFKveMmW0BuPElrE-53sCpsVxB-wwvLDphmS0rABI-0xVVGp3ccRCN97tn_q4PpRGRbi7YuG1zWy4MT1ZF12euYx7KxMWuO59gm13n2cqSU9r_gEV23x1_IKTXpyh4OfT540Xi-UcMhxlsnc4LQN-c6t9_7K_pbwdoUOintZeLHSt07EdU37Ra05ljlzFHu2jRB3ENqzQEIm6oQez2W-dr42oQwyaJSGicyPPytbiKSHt42K4suKq4-ZrUCAdvmw\" data-hovercard=\"\/ajax\/hovercard\/page.php?id=159303617459947&amp;extragetparams=%7B%22__tn__%22%3A%22%2CdK-R-R%22%2C%22eid%22%3A%22ARCBeMvUj8go1FeMksonxDcqkrO_aauyt1Ah8pqkpnFA8yKNhkcJuoaAv5RGLNkBeolTHc0CQvLSH-yu%22%2C%22fref%22%3A%22mentions%22%7D\" data-hovercard-prefer-more-content-show=\"1\">Epidemic Records<\/a>: <a href=\"https:\/\/bit.ly\/RegardeEpidemic?fbclid=IwAR2miHqq-Rv9QMwRiwezzEnpRLjwbobiTKbvMfCWt3R7CbLOE4LWmKvOam8\" target=\"_blank\" rel=\"noopener nofollow noreferrer\" data-ft=\"{&quot;tn&quot;:&quot;-U&quot;}\" data-lynx-mode=\"async\" data-lynx-uri=\"https:\/\/l.facebook.com\/l.php?u=https%3A%2F%2Fbit.ly%2FRegardeEpidemic%3Ffbclid%3DIwAR2miHqq-Rv9QMwRiwezzEnpRLjwbobiTKbvMfCWt3R7CbLOE4LWmKvOam8&amp;h=AT1-UTc57FlzDn6vsKCMgks1wT1z72ItXJDB18H1y6JSkhFv-9_NA9eoH2J3XCCZvmHZr_X2gFBlkZ1E0kK6AmMPBAVBVWC4y7daMQeILCDde5nMUPy4CMvihKCeAmHCtrKjSqjT3ujoQqN_mv7h31yiRUMXFNBHqcZzAqMZlKAsSKGcuJIRxD7RUl4GNOwbh9wStnpgTTAXghgKqrYveWd4dxZrS_gfm-dJF1NNHcpbkBUesJ3i74Ny7_ppDt-XJfrSz3--ngTyQ3r7RiEcob_P2V925KthUUm3qjIjyg-zP8s1R6iczZyDA-BI_zBlofuv-tQA1t64klriWC9QfqQGwI6xi3ors69MkA9CxypGKQJSn1J_7JlQWPgfSsk9bUmPd4NAcTfn2pRt-0nhjwHJuox6Fd9jbsfm8AFhHG2dQEWdhvIirNfjZBBTvrC-ePD04Do8KP8o1399uPKxkt3R39Vu0v4CgXGZbyn12XYWsJTNdXZKPn2B9OD3lRtrFKjjH2lo88TwOjgxWYv828vMDlK0B2aYxbjljF_AX-NOzbDV2wYr2PfeKGrNuHczi3HpqDJljq4QR0W-Mhv44A0trJ2601CVDeqP5R5L9QO1bTu1tijaw6eoY5t8fPLIl31eHA\">https:\/\/bit.ly\/RegardeEpidemic<\/a><\/span><\/p>\n<div class=\"text_exposed_show\">\n<p><span class=\"text_exposed_show\"><a class=\"profileLink\" href=\"https:\/\/www.facebook.com\/ThroughLoveRec\/?__tn__=K-R&amp;eid=ARBCzxQY-6l51gFKJsSKI7x9vIa51xzy8vtjCZ2v0NU40DP11u6pbi9C70MqX40XxdWIiX0rG5KusJGT&amp;fref=mentions&amp;__xts__%5B0%5D=68.ARAfhnJyOlXg83uCcjRbrac9qrv9Q1QWjGwrkJ_T3T2tF7Jvw4jg-IArmGEGvJFO98-pbfP3ITGbKXnCv7GquYClmlzFKveMmW0BuPElrE-53sCpsVxB-wwvLDphmS0rABI-0xVVGp3ccRCN97tn_q4PpRGRbi7YuG1zWy4MT1ZF12euYx7KxMWuO59gm13n2cqSU9r_gEV23x1_IKTXpyh4OfT540Xi-UcMhxlsnc4LQN-c6t9_7K_pbwdoUOintZeLHSt07EdU37Ra05ljlzFHu2jRB3ENqzQEIm6oQez2W-dr42oQwyaJSGicyPPytbiKSHt42K4suKq4-ZrUCAdvmw\" data-hovercard=\"\/ajax\/hovercard\/page.php?id=572788049471930&amp;extragetparams=%7B%22__tn__%22%3A%22%2CdK-R-R%22%2C%22eid%22%3A%22ARBCzxQY-6l51gFKJsSKI7x9vIa51xzy8vtjCZ2v0NU40DP11u6pbi9C70MqX40XxdWIiX0rG5KusJGT%22%2C%22fref%22%3A%22mentions%22%7D\" data-hovercard-prefer-more-content-show=\"1\">Through Love Rec<\/a>: <a href=\"https:\/\/l.facebook.com\/l.php?u=https%3A%2F%2Fbit.ly%2F3gRR3og%3Ffbclid%3DIwAR2CmLWPkXCZUIPKquAmbfkbuAyHqKbJW2XsOzQlCxFTTavKPz9II7VoFJY&amp;h=AT1ijnrUNyaw_hu7ZdtDcIM4V5fa_ye2KQhqGsd1c0ZfWsi_j3clSm2U-qFESXoOx89rbQKheiJzUq3hT7KrU1AWUHJ2JmMXI9Y_Q_iHit3b7mePGgH9dysVG7Y-Z1NJPnqwZGLZgOx30YTCf7ST4yaoHiUceh1LsbxKxAfFix1Tq68ggZIEK_x2CWvwhLh1r7APVAc91h3aiALHojk2EgKS-2EE3D9gYM79sDHrHBWZEhdeX98KJRKjo5jSJ74cBV4Pe7WaLgGXQxEHaZTJEOPQgtFxWAgI-82B5NQevXgYC--ZyyHstxPeQu5ppFhHYs0lOuM2CnnR9FyhjK0ednrtDmKE-M_eFjkMwb_n95lVTfTza1RJbiUHj6rCsO3GyiwLgqsmOlWtCj8IRy_N6EcSeAZ1WG6n7C3W9cn9nxkKN2oqaLT574dCkwD3krYtEUzMwXPcDBc_5Ks1COWjagEJyBFy-bRHjl17PiFx2hYEmomvzmsXvFhlVgkLdeYllR337cAsLFAXyafUsOekwma_2IPjrxvoRNvNWwA3dLsOIJ_YQsK786GBpu8p82e_WFTZnjwP5Dn3knsYkZZ06cTLHIUis-2PGs9doePtlNFssfYInEBbe5s-fWnt7XcSqMKxWA\" target=\"_blank\" rel=\"noopener nofollow noreferrer\" data-ft=\"{&quot;tn&quot;:&quot;-U&quot;}\" data-lynx-mode=\"async\">https:\/\/bit.ly\/3gRR3og<\/a><\/span><\/p>\n<p>Info and Booking:<br \/>\nmazzannr@gmail.com<\/p>\n<\/div>\n","protected":false},"excerpt":{"rendered":"<p>Regarde pubblicano un nuovo video per un brano carico di emozioni, un video che cattura le sensazioni che tutti noi abbiamo provato durante l&#8217;isolamento dovuto al Covid 19. Il video \u00e8 stato montato a partire dalle riprese di Stella Tosi. La canzone \u00e8 presente nel loro nuovo album &#8220;The Blue And You&#8221;, uscito proprio prima [&hellip;]<\/p>\n","protected":false},"author":2,"featured_media":4778,"comment_status":"closed","ping_status":"closed","sticky":false,"template":"","format":"standard","meta":{"footnotes":""},"categories":[4],"tags":[],"class_list":["post-4776","post","type-post","status-publish","format-standard","has-post-thumbnail","hentry","category-news"],"yoast_head":"<!-- This site is optimized with the Yoast SEO plugin v25.0 - https:\/\/yoast.com\/wordpress\/plugins\/seo\/ -->\n<title>REGARDE PUBBLICANO UN NUOVO VIDEO CHE CATTURA I SENTIMENTI DEL LOCKDOWN - Epidemic Records<\/title>\n<meta name=\"robots\" content=\"index, follow, max-snippet:-1, max-image-preview:large, max-video-preview:-1\" \/>\n<link rel=\"canonical\" href=\"https:\/\/www.epidemicrecords.net\/v2019\/2020\/07\/14\/regarde-pubblicano-un-nuovo-video-che-cattura-i-sentimenti-del-lockdown\/\" \/>\n<meta property=\"og:locale\" content=\"it_IT\" \/>\n<meta property=\"og:type\" content=\"article\" \/>\n<meta property=\"og:title\" content=\"REGARDE PUBBLICANO UN NUOVO VIDEO CHE CATTURA I SENTIMENTI DEL LOCKDOWN - Epidemic Records\" \/>\n<meta property=\"og:description\" content=\"Regarde pubblicano un nuovo video per un brano carico di emozioni, un video che cattura le sensazioni che tutti noi abbiamo provato durante l&#8217;isolamento dovuto al Covid 19. Il video \u00e8 stato montato a partire dalle riprese di Stella Tosi. La canzone \u00e8 presente nel loro nuovo album &#8220;The Blue And You&#8221;, uscito proprio prima [&hellip;]\" \/>\n<meta property=\"og:url\" content=\"https:\/\/www.epidemicrecords.net\/v2019\/2020\/07\/14\/regarde-pubblicano-un-nuovo-video-che-cattura-i-sentimenti-del-lockdown\/\" \/>\n<meta property=\"og:site_name\" content=\"Epidemic Records\" \/>\n<meta property=\"article:publisher\" content=\"http:\/\/www.facebook.com\/epidemicrecordshc\" \/>\n<meta property=\"article:published_time\" content=\"2020-07-14T14:29:34+00:00\" \/>\n<meta property=\"article:modified_time\" content=\"2020-07-14T15:00:41+00:00\" \/>\n<meta property=\"og:image\" content=\"https:\/\/www.epidemicrecords.net\/v2019\/wp-content\/uploads\/2020\/07\/Screenshot-2020-07-14-16.22.36-copia-1.png\" \/>\n\t<meta property=\"og:image:width\" content=\"998\" \/>\n\t<meta property=\"og:image:height\" content=\"998\" \/>\n\t<meta property=\"og:image:type\" content=\"image\/png\" \/>\n<meta name=\"author\" content=\"Gabriele\" \/>\n<meta name=\"twitter:card\" content=\"summary_large_image\" \/>\n<meta name=\"twitter:creator\" content=\"@epidemicrecs\" \/>\n<meta name=\"twitter:site\" content=\"@epidemicrecs\" \/>\n<meta name=\"twitter:label1\" content=\"Scritto da\" \/>\n\t<meta name=\"twitter:data1\" content=\"Gabriele\" \/>\n\t<meta name=\"twitter:label2\" content=\"Tempo di lettura stimato\" \/>\n\t<meta name=\"twitter:data2\" content=\"1 minuto\" \/>\n<script type=\"application\/ld+json\" class=\"yoast-schema-graph\">{\"@context\":\"https:\/\/schema.org\",\"@graph\":[{\"@type\":\"Article\",\"@id\":\"https:\/\/www.epidemicrecords.net\/v2019\/2020\/07\/14\/regarde-pubblicano-un-nuovo-video-che-cattura-i-sentimenti-del-lockdown\/#article\",\"isPartOf\":{\"@id\":\"https:\/\/www.epidemicrecords.net\/v2019\/2020\/07\/14\/regarde-pubblicano-un-nuovo-video-che-cattura-i-sentimenti-del-lockdown\/\"},\"author\":{\"name\":\"Gabriele\",\"@id\":\"https:\/\/www.epidemicrecords.net\/v2019\/#\/schema\/person\/e2cff227657e3cabdde72daaf4b738b2\"},\"headline\":\"REGARDE PUBBLICANO UN NUOVO VIDEO CHE CATTURA I SENTIMENTI DEL LOCKDOWN\",\"datePublished\":\"2020-07-14T14:29:34+00:00\",\"dateModified\":\"2020-07-14T15:00:41+00:00\",\"mainEntityOfPage\":{\"@id\":\"https:\/\/www.epidemicrecords.net\/v2019\/2020\/07\/14\/regarde-pubblicano-un-nuovo-video-che-cattura-i-sentimenti-del-lockdown\/\"},\"wordCount\":173,\"publisher\":{\"@id\":\"https:\/\/www.epidemicrecords.net\/v2019\/#organization\"},\"image\":{\"@id\":\"https:\/\/www.epidemicrecords.net\/v2019\/2020\/07\/14\/regarde-pubblicano-un-nuovo-video-che-cattura-i-sentimenti-del-lockdown\/#primaryimage\"},\"thumbnailUrl\":\"https:\/\/www.epidemicrecords.net\/v2019\/wp-content\/uploads\/2020\/07\/Screenshot-2020-07-14-16.22.36-copia-1.png\",\"articleSection\":[\"News\"],\"inLanguage\":\"it-IT\"},{\"@type\":\"WebPage\",\"@id\":\"https:\/\/www.epidemicrecords.net\/v2019\/2020\/07\/14\/regarde-pubblicano-un-nuovo-video-che-cattura-i-sentimenti-del-lockdown\/\",\"url\":\"https:\/\/www.epidemicrecords.net\/v2019\/2020\/07\/14\/regarde-pubblicano-un-nuovo-video-che-cattura-i-sentimenti-del-lockdown\/\",\"name\":\"REGARDE PUBBLICANO UN NUOVO VIDEO CHE CATTURA I SENTIMENTI DEL LOCKDOWN - Epidemic Records\",\"isPartOf\":{\"@id\":\"https:\/\/www.epidemicrecords.net\/v2019\/#website\"},\"primaryImageOfPage\":{\"@id\":\"https:\/\/www.epidemicrecords.net\/v2019\/2020\/07\/14\/regarde-pubblicano-un-nuovo-video-che-cattura-i-sentimenti-del-lockdown\/#primaryimage\"},\"image\":{\"@id\":\"https:\/\/www.epidemicrecords.net\/v2019\/2020\/07\/14\/regarde-pubblicano-un-nuovo-video-che-cattura-i-sentimenti-del-lockdown\/#primaryimage\"},\"thumbnailUrl\":\"https:\/\/www.epidemicrecords.net\/v2019\/wp-content\/uploads\/2020\/07\/Screenshot-2020-07-14-16.22.36-copia-1.png\",\"datePublished\":\"2020-07-14T14:29:34+00:00\",\"dateModified\":\"2020-07-14T15:00:41+00:00\",\"breadcrumb\":{\"@id\":\"https:\/\/www.epidemicrecords.net\/v2019\/2020\/07\/14\/regarde-pubblicano-un-nuovo-video-che-cattura-i-sentimenti-del-lockdown\/#breadcrumb\"},\"inLanguage\":\"it-IT\",\"potentialAction\":[{\"@type\":\"ReadAction\",\"target\":[\"https:\/\/www.epidemicrecords.net\/v2019\/2020\/07\/14\/regarde-pubblicano-un-nuovo-video-che-cattura-i-sentimenti-del-lockdown\/\"]}]},{\"@type\":\"ImageObject\",\"inLanguage\":\"it-IT\",\"@id\":\"https:\/\/www.epidemicrecords.net\/v2019\/2020\/07\/14\/regarde-pubblicano-un-nuovo-video-che-cattura-i-sentimenti-del-lockdown\/#primaryimage\",\"url\":\"https:\/\/www.epidemicrecords.net\/v2019\/wp-content\/uploads\/2020\/07\/Screenshot-2020-07-14-16.22.36-copia-1.png\",\"contentUrl\":\"https:\/\/www.epidemicrecords.net\/v2019\/wp-content\/uploads\/2020\/07\/Screenshot-2020-07-14-16.22.36-copia-1.png\",\"width\":998,\"height\":998},{\"@type\":\"BreadcrumbList\",\"@id\":\"https:\/\/www.epidemicrecords.net\/v2019\/2020\/07\/14\/regarde-pubblicano-un-nuovo-video-che-cattura-i-sentimenti-del-lockdown\/#breadcrumb\",\"itemListElement\":[{\"@type\":\"ListItem\",\"position\":1,\"name\":\"Home\",\"item\":\"https:\/\/www.epidemicrecords.net\/v2019\/en\/home-2\/\"},{\"@type\":\"ListItem\",\"position\":2,\"name\":\"REGARDE PUBBLICANO UN NUOVO VIDEO CHE CATTURA I SENTIMENTI DEL LOCKDOWN\"}]},{\"@type\":\"WebSite\",\"@id\":\"https:\/\/www.epidemicrecords.net\/v2019\/#website\",\"url\":\"https:\/\/www.epidemicrecords.net\/v2019\/\",\"name\":\"Epidemic Records\",\"description\":\"This Is More Than Music. This Is What We Believe In.\",\"publisher\":{\"@id\":\"https:\/\/www.epidemicrecords.net\/v2019\/#organization\"},\"potentialAction\":[{\"@type\":\"SearchAction\",\"target\":{\"@type\":\"EntryPoint\",\"urlTemplate\":\"https:\/\/www.epidemicrecords.net\/v2019\/?s={search_term_string}\"},\"query-input\":{\"@type\":\"PropertyValueSpecification\",\"valueRequired\":true,\"valueName\":\"search_term_string\"}}],\"inLanguage\":\"it-IT\"},{\"@type\":\"Organization\",\"@id\":\"https:\/\/www.epidemicrecords.net\/v2019\/#organization\",\"name\":\"Epidemic Records\",\"url\":\"https:\/\/www.epidemicrecords.net\/v2019\/\",\"logo\":{\"@type\":\"ImageObject\",\"inLanguage\":\"it-IT\",\"@id\":\"https:\/\/www.epidemicrecords.net\/v2019\/#\/schema\/logo\/image\/\",\"url\":\"https:\/\/www.epidemicrecords.net\/v2019\/wp-content\/uploads\/2019\/05\/logo-wp.png\",\"contentUrl\":\"https:\/\/www.epidemicrecords.net\/v2019\/wp-content\/uploads\/2019\/05\/logo-wp.png\",\"width\":200,\"height\":196,\"caption\":\"Epidemic Records\"},\"image\":{\"@id\":\"https:\/\/www.epidemicrecords.net\/v2019\/#\/schema\/logo\/image\/\"},\"sameAs\":[\"http:\/\/www.facebook.com\/epidemicrecordshc\",\"https:\/\/x.com\/epidemicrecs\",\"http:\/\/www.instagram.com\/epidemicrecordshc\"]},{\"@type\":\"Person\",\"@id\":\"https:\/\/www.epidemicrecords.net\/v2019\/#\/schema\/person\/e2cff227657e3cabdde72daaf4b738b2\",\"name\":\"Gabriele\",\"image\":{\"@type\":\"ImageObject\",\"inLanguage\":\"it-IT\",\"@id\":\"https:\/\/www.epidemicrecords.net\/v2019\/#\/schema\/person\/image\/\",\"url\":\"https:\/\/secure.gravatar.com\/avatar\/b5fcb4f27d198f6c2162bc92e4726ffd79ebd15d254ed5679485ba47495e6466?s=96&d=mm&r=g\",\"contentUrl\":\"https:\/\/secure.gravatar.com\/avatar\/b5fcb4f27d198f6c2162bc92e4726ffd79ebd15d254ed5679485ba47495e6466?s=96&d=mm&r=g\",\"caption\":\"Gabriele\"},\"url\":\"https:\/\/www.epidemicrecords.net\/v2019\/author\/gabriele\/\"}]}<\/script>\n<!-- \/ Yoast SEO plugin. -->","yoast_head_json":{"title":"REGARDE PUBBLICANO UN NUOVO VIDEO CHE CATTURA I SENTIMENTI DEL LOCKDOWN - Epidemic Records","robots":{"index":"index","follow":"follow","max-snippet":"max-snippet:-1","max-image-preview":"max-image-preview:large","max-video-preview":"max-video-preview:-1"},"canonical":"https:\/\/www.epidemicrecords.net\/v2019\/2020\/07\/14\/regarde-pubblicano-un-nuovo-video-che-cattura-i-sentimenti-del-lockdown\/","og_locale":"it_IT","og_type":"article","og_title":"REGARDE PUBBLICANO UN NUOVO VIDEO CHE CATTURA I SENTIMENTI DEL LOCKDOWN - Epidemic Records","og_description":"Regarde pubblicano un nuovo video per un brano carico di emozioni, un video che cattura le sensazioni che tutti noi abbiamo provato durante l&#8217;isolamento dovuto al Covid 19. Il video \u00e8 stato montato a partire dalle riprese di Stella Tosi. La canzone \u00e8 presente nel loro nuovo album &#8220;The Blue And You&#8221;, uscito proprio prima [&hellip;]","og_url":"https:\/\/www.epidemicrecords.net\/v2019\/2020\/07\/14\/regarde-pubblicano-un-nuovo-video-che-cattura-i-sentimenti-del-lockdown\/","og_site_name":"Epidemic Records","article_publisher":"http:\/\/www.facebook.com\/epidemicrecordshc","article_published_time":"2020-07-14T14:29:34+00:00","article_modified_time":"2020-07-14T15:00:41+00:00","og_image":[{"width":998,"height":998,"url":"https:\/\/www.epidemicrecords.net\/v2019\/wp-content\/uploads\/2020\/07\/Screenshot-2020-07-14-16.22.36-copia-1.png","type":"image\/png"}],"author":"Gabriele","twitter_card":"summary_large_image","twitter_creator":"@epidemicrecs","twitter_site":"@epidemicrecs","twitter_misc":{"Scritto da":"Gabriele","Tempo di lettura stimato":"1 minuto"},"schema":{"@context":"https:\/\/schema.org","@graph":[{"@type":"Article","@id":"https:\/\/www.epidemicrecords.net\/v2019\/2020\/07\/14\/regarde-pubblicano-un-nuovo-video-che-cattura-i-sentimenti-del-lockdown\/#article","isPartOf":{"@id":"https:\/\/www.epidemicrecords.net\/v2019\/2020\/07\/14\/regarde-pubblicano-un-nuovo-video-che-cattura-i-sentimenti-del-lockdown\/"},"author":{"name":"Gabriele","@id":"https:\/\/www.epidemicrecords.net\/v2019\/#\/schema\/person\/e2cff227657e3cabdde72daaf4b738b2"},"headline":"REGARDE PUBBLICANO UN NUOVO VIDEO CHE CATTURA I SENTIMENTI DEL LOCKDOWN","datePublished":"2020-07-14T14:29:34+00:00","dateModified":"2020-07-14T15:00:41+00:00","mainEntityOfPage":{"@id":"https:\/\/www.epidemicrecords.net\/v2019\/2020\/07\/14\/regarde-pubblicano-un-nuovo-video-che-cattura-i-sentimenti-del-lockdown\/"},"wordCount":173,"publisher":{"@id":"https:\/\/www.epidemicrecords.net\/v2019\/#organization"},"image":{"@id":"https:\/\/www.epidemicrecords.net\/v2019\/2020\/07\/14\/regarde-pubblicano-un-nuovo-video-che-cattura-i-sentimenti-del-lockdown\/#primaryimage"},"thumbnailUrl":"https:\/\/www.epidemicrecords.net\/v2019\/wp-content\/uploads\/2020\/07\/Screenshot-2020-07-14-16.22.36-copia-1.png","articleSection":["News"],"inLanguage":"it-IT"},{"@type":"WebPage","@id":"https:\/\/www.epidemicrecords.net\/v2019\/2020\/07\/14\/regarde-pubblicano-un-nuovo-video-che-cattura-i-sentimenti-del-lockdown\/","url":"https:\/\/www.epidemicrecords.net\/v2019\/2020\/07\/14\/regarde-pubblicano-un-nuovo-video-che-cattura-i-sentimenti-del-lockdown\/","name":"REGARDE PUBBLICANO UN NUOVO VIDEO CHE CATTURA I SENTIMENTI DEL LOCKDOWN - Epidemic Records","isPartOf":{"@id":"https:\/\/www.epidemicrecords.net\/v2019\/#website"},"primaryImageOfPage":{"@id":"https:\/\/www.epidemicrecords.net\/v2019\/2020\/07\/14\/regarde-pubblicano-un-nuovo-video-che-cattura-i-sentimenti-del-lockdown\/#primaryimage"},"image":{"@id":"https:\/\/www.epidemicrecords.net\/v2019\/2020\/07\/14\/regarde-pubblicano-un-nuovo-video-che-cattura-i-sentimenti-del-lockdown\/#primaryimage"},"thumbnailUrl":"https:\/\/www.epidemicrecords.net\/v2019\/wp-content\/uploads\/2020\/07\/Screenshot-2020-07-14-16.22.36-copia-1.png","datePublished":"2020-07-14T14:29:34+00:00","dateModified":"2020-07-14T15:00:41+00:00","breadcrumb":{"@id":"https:\/\/www.epidemicrecords.net\/v2019\/2020\/07\/14\/regarde-pubblicano-un-nuovo-video-che-cattura-i-sentimenti-del-lockdown\/#breadcrumb"},"inLanguage":"it-IT","potentialAction":[{"@type":"ReadAction","target":["https:\/\/www.epidemicrecords.net\/v2019\/2020\/07\/14\/regarde-pubblicano-un-nuovo-video-che-cattura-i-sentimenti-del-lockdown\/"]}]},{"@type":"ImageObject","inLanguage":"it-IT","@id":"https:\/\/www.epidemicrecords.net\/v2019\/2020\/07\/14\/regarde-pubblicano-un-nuovo-video-che-cattura-i-sentimenti-del-lockdown\/#primaryimage","url":"https:\/\/www.epidemicrecords.net\/v2019\/wp-content\/uploads\/2020\/07\/Screenshot-2020-07-14-16.22.36-copia-1.png","contentUrl":"https:\/\/www.epidemicrecords.net\/v2019\/wp-content\/uploads\/2020\/07\/Screenshot-2020-07-14-16.22.36-copia-1.png","width":998,"height":998},{"@type":"BreadcrumbList","@id":"https:\/\/www.epidemicrecords.net\/v2019\/2020\/07\/14\/regarde-pubblicano-un-nuovo-video-che-cattura-i-sentimenti-del-lockdown\/#breadcrumb","itemListElement":[{"@type":"ListItem","position":1,"name":"Home","item":"https:\/\/www.epidemicrecords.net\/v2019\/en\/home-2\/"},{"@type":"ListItem","position":2,"name":"REGARDE PUBBLICANO UN NUOVO VIDEO CHE CATTURA I SENTIMENTI DEL LOCKDOWN"}]},{"@type":"WebSite","@id":"https:\/\/www.epidemicrecords.net\/v2019\/#website","url":"https:\/\/www.epidemicrecords.net\/v2019\/","name":"Epidemic Records","description":"This Is More Than Music. This Is What We Believe In.","publisher":{"@id":"https:\/\/www.epidemicrecords.net\/v2019\/#organization"},"potentialAction":[{"@type":"SearchAction","target":{"@type":"EntryPoint","urlTemplate":"https:\/\/www.epidemicrecords.net\/v2019\/?s={search_term_string}"},"query-input":{"@type":"PropertyValueSpecification","valueRequired":true,"valueName":"search_term_string"}}],"inLanguage":"it-IT"},{"@type":"Organization","@id":"https:\/\/www.epidemicrecords.net\/v2019\/#organization","name":"Epidemic Records","url":"https:\/\/www.epidemicrecords.net\/v2019\/","logo":{"@type":"ImageObject","inLanguage":"it-IT","@id":"https:\/\/www.epidemicrecords.net\/v2019\/#\/schema\/logo\/image\/","url":"https:\/\/www.epidemicrecords.net\/v2019\/wp-content\/uploads\/2019\/05\/logo-wp.png","contentUrl":"https:\/\/www.epidemicrecords.net\/v2019\/wp-content\/uploads\/2019\/05\/logo-wp.png","width":200,"height":196,"caption":"Epidemic Records"},"image":{"@id":"https:\/\/www.epidemicrecords.net\/v2019\/#\/schema\/logo\/image\/"},"sameAs":["http:\/\/www.facebook.com\/epidemicrecordshc","https:\/\/x.com\/epidemicrecs","http:\/\/www.instagram.com\/epidemicrecordshc"]},{"@type":"Person","@id":"https:\/\/www.epidemicrecords.net\/v2019\/#\/schema\/person\/e2cff227657e3cabdde72daaf4b738b2","name":"Gabriele","image":{"@type":"ImageObject","inLanguage":"it-IT","@id":"https:\/\/www.epidemicrecords.net\/v2019\/#\/schema\/person\/image\/","url":"https:\/\/secure.gravatar.com\/avatar\/b5fcb4f27d198f6c2162bc92e4726ffd79ebd15d254ed5679485ba47495e6466?s=96&d=mm&r=g","contentUrl":"https:\/\/secure.gravatar.com\/avatar\/b5fcb4f27d198f6c2162bc92e4726ffd79ebd15d254ed5679485ba47495e6466?s=96&d=mm&r=g","caption":"Gabriele"},"url":"https:\/\/www.epidemicrecords.net\/v2019\/author\/gabriele\/"}]}},"_links":{"self":[{"href":"https:\/\/www.epidemicrecords.net\/v2019\/wp-json\/wp\/v2\/posts\/4776","targetHints":{"allow":["GET"]}}],"collection":[{"href":"https:\/\/www.epidemicrecords.net\/v2019\/wp-json\/wp\/v2\/posts"}],"about":[{"href":"https:\/\/www.epidemicrecords.net\/v2019\/wp-json\/wp\/v2\/types\/post"}],"author":[{"embeddable":true,"href":"https:\/\/www.epidemicrecords.net\/v2019\/wp-json\/wp\/v2\/users\/2"}],"replies":[{"embeddable":true,"href":"https:\/\/www.epidemicrecords.net\/v2019\/wp-json\/wp\/v2\/comments?post=4776"}],"version-history":[{"count":4,"href":"https:\/\/www.epidemicrecords.net\/v2019\/wp-json\/wp\/v2\/posts\/4776\/revisions"}],"predecessor-version":[{"id":4784,"href":"https:\/\/www.epidemicrecords.net\/v2019\/wp-json\/wp\/v2\/posts\/4776\/revisions\/4784"}],"wp:featuredmedia":[{"embeddable":true,"href":"https:\/\/www.epidemicrecords.net\/v2019\/wp-json\/wp\/v2\/media\/4778"}],"wp:attachment":[{"href":"https:\/\/www.epidemicrecords.net\/v2019\/wp-json\/wp\/v2\/media?parent=4776"}],"wp:term":[{"taxonomy":"category","embeddable":true,"href":"https:\/\/www.epidemicrecords.net\/v2019\/wp-json\/wp\/v2\/categories?post=4776"},{"taxonomy":"post_tag","embeddable":true,"href":"https:\/\/www.epidemicrecords.net\/v2019\/wp-json\/wp\/v2\/tags?post=4776"}],"curies":[{"name":"wp","href":"https:\/\/api.w.org\/{rel}","templated":true}]}}