{"id":4794,"date":"2020-09-04T18:44:23","date_gmt":"2020-09-04T16:44:23","guid":{"rendered":"https:\/\/www.epidemicrecords.net\/v2019\/?p=4794"},"modified":"2020-09-19T10:52:07","modified_gmt":"2020-09-19T08:52:07","slug":"gab-de-la-vega-pubblica-il-nuovo-video-i-still-believe-una-lettera-aperta-in-acustico","status":"publish","type":"post","link":"https:\/\/www.epidemicrecords.net\/v2019\/2020\/09\/04\/gab-de-la-vega-pubblica-il-nuovo-video-i-still-believe-una-lettera-aperta-in-acustico\/","title":{"rendered":"GAB DE LA VEGA pubblica il nuovo video &#8220;I Still Believe&#8221;, una lettera aperta in acustico"},"content":{"rendered":"<p style=\"text-align: justify;\"><iframe loading=\"lazy\" src=\"https:\/\/www.youtube.com\/embed\/y2-ah5eL9ng\" width=\"560\" height=\"315\" frameborder=\"0\" allowfullscreen=\"allowfullscreen\"><\/iframe><\/p>\n<p style=\"text-align: justify;\"><span style=\"color: #000000;\">Gab De La Vega presenta \u201cI Still Believe\u201d, il terzo video tratto dal nuovo album \u201cBeyond Space And Time\u201d, uscito il 24 gennaio.<\/span><br \/>\n<span style=\"color: #000000;\">Il terzo full length del musicista bresciano, nato nel punk e nell&#8217;hardcore ma da anni approdato a sonorit\u00e0 pi\u00f9 morbide, sancisce nei suoni la definitiva apertura ad una collaborazione con una band di supporto, col quale \u00e8 riuscito a portare a termine alcune date di presentazione del nuovo disco prima dell&#8217;emergenza Covid, oltre alla data zero in apertura a Frank Turner lo scorso anno.<\/span><br \/>\n<span style=\"color: #000000;\">Ma \u201cI Still Believe\u201d riscopre l&#8217;essenzialit\u00e0 della comunicazione pi\u00f9 diretta e personale di un songwriter che non ha paura a presentarsi sul palco da solo.<\/span><br \/>\n<span style=\"color: #000000;\"> <span style=\"color: #000000;\"><br \/>\n<span style=\"color: #000000;\">Gab De La Vega commenta:<\/span><span style=\"color: #000000;\"><br \/>\n<span style=\"color: #000000;\"><em><span style=\"color: #000000;\">\u201cCredo che &#8220;I Still Believe&#8221; sia la canzone pi\u00f9 intima di &#8220;Beyond Space And Time&#8221;. Arriva alla fine di un album suonato da una band al completo e riporta tutto al centro: voce e chitarra acustica. Punto.<\/span><\/em><\/span><\/span><\/span><\/span><\/p>\n<p style=\"text-align: justify;\"><span style=\"color: #000000;\"><span style=\"color: #000000;\">Il video \u00e8 stato girato molto prima dell&#8217;uscita dell&#8217;album. L&#8217;ho realizzato con Bradley James Allen nel maggio 2019 e doveva uscire nella primavera del 2020 come terzo singolo del nuovo album, dopo <u><span style=\"color: #000000;\"><a style=\"color: #000000;\" href=\"https:\/\/rumoremag.com\/2019\/12\/20\/gab-de-la-vega-guarda-anteprima-video-delorean-ritorno-al-futuro\/\"><em><span style=\"color: #000000;\">&#8220;Perfect Texture&#8221;<\/span><\/em><\/a><\/span><\/u><em><span style=\"color: #000000;\"> e &#8220;YYZ&#8221;. Il piano era quello di lanciare questo singolo per promuovere i tour solisti e acustici tra quelli in programma con la band. <\/span><\/em><\/span><\/span><\/p>\n<p style=\"text-align: justify;\"><span style=\"color: #000000;\"><em><span style=\"color: #000000;\">Quando tutto \u00e8 andato a rotoli a causa della pandemia di Covid19, ho deciso di aspettare e di pubblicarlo in un momento che avrei ritenuto migliore.<\/span><\/em><\/span><\/p>\n<p style=\"text-align: justify;\"><em><span style=\"color: #000000;\">\u00c8 una canzone che parla di speranza, di aver fiducia nel futuro, della necessit\u00e0 di continuare a rendere il mondo un posto un migliore giorno dopo giorno, pezzetto dopo pezzetto e della fiducia nelle capacit\u00e0 delle nuove generazioni di essere all&#8217;altezza della situazione quando si tratta di fare la cosa giusta e di riprendersi il proprio futuro, non solo il nostro.<\/span><\/em><br \/>\n<em><span style=\"color: #000000;\">Nei miei ricordi di bambino e di adolescente la mancanza di fiducia delle generazioni che mi avevano preceduto era sconfortante. Ogni generazione lotta tra ci\u00f2 che \u00e8 giusto e ci\u00f2 che \u00e8 sbagliato, tra ci\u00f2 che \u00e8 bene e ci\u00f2 che \u00e8 male.<\/span><\/em><br \/>\n<em><span style=\"color: #000000;\">Nei tempi in cui viviamo \u00e8 chiaro che debbano avvenire cambiamenti importanti. Che si tratti di giustizia sociale, uguaglianza, diritti umani, crisi climatica o diritti animali, credo che oggi ci troviamo di fronte a tante domande che necessitano risposte adeguate. Sta a noi fare ci\u00f2 che \u00e8 giusto e sta a chi seguir\u00e0 prendere in mano il testimone.<\/span><\/em><\/p>\n<p style=\"text-align: justify;\"><em><span style=\"color: #000000;\">&#8220;I Still Believe&#8221; \u00e8 una frase potente, cattura a pieno il messaggio della canzone. Per questo ho pensato al video come una sorta di lettera aperta da consegnare agli abitanti della mia citt\u00e0, Brescia.<\/span><\/em><br \/>\n<em><span style=\"color: #000000;\">Nel video si vedono alcuni scorci della citt\u00e0 e ci sono alcuni dei luoghi che per me significano qualcosa, per un motivo o per un altro. I Bresciani li riconosceranno sicuramente.<\/span><\/em><br \/>\n<em><span style=\"color: #000000;\">Essendo &#8220;I Still Believe&#8221; una canzone intrisa di speranza, penso che abbia un significato ancora pi\u00f9 profondo ora che la fase peggiore dell&#8217;emergenza Covid19 \u00e8 passata. Brescia, insieme a Bergamo, \u00e8 stata una delle citt\u00e0 che ha sofferto di pi\u00f9 nelle prime fasi della pandemia.<\/span><\/em><br \/>\n<em><span style=\"color: #000000;\">Non lo potevo sapere nel 2019 quando abbiamo girato il video, ma ora che lo guardo di nuovo e vedo quei luoghi familiari e ricordo come ci siamo sentiti tutti nei momenti pi\u00f9 bui dell&#8217;emergenza, mi sento come se una parte di me ora stesse cantando questa canzone per la mia citt\u00e0, ferita ma non sconfitta.\u201d<\/span><\/em><\/p>\n<p style=\"text-align: justify;\"><span style=\"color: #000000;\">Il disco \u00e8 uscito per <u><a style=\"color: #000000;\" href=\"http:\/\/www.epidemicrecords.net\/\">Epidemic Records<\/a><\/u> e <u><a style=\"color: #000000;\" href=\"https:\/\/www.backbite-records.de\/\">Backbite Records<\/a><\/u> ed \u00e8 ascoltabile su tutte le piattaforme digitali, vinile e CD a questo link <u><a style=\"color: #000000;\" href=\"http:\/\/www.smarturl.com\/GabDeLaVegaBSAT\">www.smarturl.com\/GabDeLaVegaBSAT<\/a><\/u><\/span><\/p>\n<p style=\"text-align: justify;\"><span style=\"color: #000000;\">L&#8217;estate ha visto Gab De La Vega promuovere il nuovo lavoro in chiave solista, con una serie di 11 concerti tra Italia, Germania e Repubblica Ceca. L&#8217;uscita del video di \u201cI Still Believe\u201d \u00e8 stato accompagnato da un concerto solista Venerd\u00ec 4 Settembre presso la Distilleria Molloy di Brescia.<\/span><\/p>\n<p style=\"text-align: justify;\"><span style=\"color: #000000;\"><strong>Links:<\/strong><\/span><br \/>\n<span style=\"color: #000000;\">Facebook: <u><a style=\"color: #000000;\" href=\"http:\/\/www.facebook.com\/gabdelavegamusic\">www.facebook.com\/gabdelavegamusic<\/a><\/u><\/span><br \/>\n<span style=\"color: #000000;\">Instagram: <u><a style=\"color: #000000;\" href=\"http:\/\/www.instagram.com\/gabdelavegaxvx\">www.instagram.com\/gabdelavegaxvx<\/a><\/u><\/span><br \/>\n<span style=\"color: #000000;\">Bandcamp: <u><a style=\"color: #000000;\" href=\"http:\/\/www.gabdelavega.bandcamp.com\/\">www.gabdelavega.bandcamp.com<\/a><\/u><\/span><\/p>\n<p style=\"text-align: justify;\"><span style=\"color: #000000;\"><strong>Video da Beyond Space And Time:<\/strong><\/span><br \/>\n<span style=\"color: #000000;\">Perfect Texture (feat. Nicola Manzan): <u><a style=\"color: #000000;\" href=\"https:\/\/youtu.be\/WtbMXeWrJ2U\">https:\/\/youtu.be\/WtbMXeWrJ2U<\/a><\/u><\/span><\/p>\n<p style=\"text-align: justify;\"><span style=\"color: #000000;\">YYZ: <u><a style=\"color: #000000;\" href=\"https:\/\/youtu.be\/NPEgavhg3dc\">https:\/\/youtu.be\/NPEgavhg3dc<\/a><\/u><\/span><\/p>\n<p><iframe style=\"border: 0; width: 350px; height: 470px;\" src=\"https:\/\/bandcamp.com\/EmbeddedPlayer\/album=722678278\/size=large\/bgcol=ffffff\/linkcol=0687f5\/tracklist=false\/transparent=true\/\" seamless=\"\"><a href=\"https:\/\/epidemicrecordshc.bandcamp.com\/album\/gab-de-la-vega-beyond-space-and-time\">Gab De La Vega &#8211; Beyond Space And Time by Gab De La Vega<\/a><\/iframe><\/p>\n","protected":false},"excerpt":{"rendered":"<p>Gab De La Vega presenta \u201cI Still Believe\u201d, il terzo video tratto dal nuovo album \u201cBeyond Space And Time\u201d, uscito il 24 gennaio. Il terzo full length del musicista bresciano, nato nel punk e nell&#8217;hardcore ma da anni approdato a sonorit\u00e0 pi\u00f9 morbide, sancisce nei suoni la definitiva apertura ad una collaborazione con una band [&hellip;]<\/p>\n","protected":false},"author":2,"featured_media":4788,"comment_status":"closed","ping_status":"closed","sticky":false,"template":"","format":"standard","meta":{"footnotes":""},"categories":[4],"tags":[],"class_list":["post-4794","post","type-post","status-publish","format-standard","has-post-thumbnail","hentry","category-news"],"yoast_head":"<!-- This site is optimized with the Yoast SEO plugin v25.0 - https:\/\/yoast.com\/wordpress\/plugins\/seo\/ -->\n<title>GAB DE LA VEGA pubblica il nuovo video &quot;I Still Believe&quot;, una lettera aperta in acustico - Epidemic Records<\/title>\n<meta name=\"robots\" content=\"index, follow, max-snippet:-1, max-image-preview:large, max-video-preview:-1\" \/>\n<link rel=\"canonical\" href=\"https:\/\/www.epidemicrecords.net\/v2019\/2020\/09\/04\/gab-de-la-vega-pubblica-il-nuovo-video-i-still-believe-una-lettera-aperta-in-acustico\/\" \/>\n<meta property=\"og:locale\" content=\"it_IT\" \/>\n<meta property=\"og:type\" content=\"article\" \/>\n<meta property=\"og:title\" content=\"GAB DE LA VEGA pubblica il nuovo video &quot;I Still Believe&quot;, una lettera aperta in acustico - Epidemic Records\" \/>\n<meta property=\"og:description\" content=\"Gab De La Vega presenta \u201cI Still Believe\u201d, il terzo video tratto dal nuovo album \u201cBeyond Space And Time\u201d, uscito il 24 gennaio. Il terzo full length del musicista bresciano, nato nel punk e nell&#8217;hardcore ma da anni approdato a sonorit\u00e0 pi\u00f9 morbide, sancisce nei suoni la definitiva apertura ad una collaborazione con una band [&hellip;]\" \/>\n<meta property=\"og:url\" content=\"https:\/\/www.epidemicrecords.net\/v2019\/2020\/09\/04\/gab-de-la-vega-pubblica-il-nuovo-video-i-still-believe-una-lettera-aperta-in-acustico\/\" \/>\n<meta property=\"og:site_name\" content=\"Epidemic Records\" \/>\n<meta property=\"article:publisher\" content=\"http:\/\/www.facebook.com\/epidemicrecordshc\" \/>\n<meta property=\"article:published_time\" content=\"2020-09-04T16:44:23+00:00\" \/>\n<meta property=\"article:modified_time\" content=\"2020-09-19T08:52:07+00:00\" \/>\n<meta property=\"og:image\" content=\"https:\/\/www.epidemicrecords.net\/v2019\/wp-content\/uploads\/2020\/09\/9a835bdc-1145-4245-8103-f34f44d17aa41.jpg\" \/>\n\t<meta property=\"og:image:width\" content=\"1152\" \/>\n\t<meta property=\"og:image:height\" content=\"768\" \/>\n\t<meta property=\"og:image:type\" content=\"image\/jpeg\" \/>\n<meta name=\"author\" content=\"Gabriele\" \/>\n<meta name=\"twitter:card\" content=\"summary_large_image\" \/>\n<meta name=\"twitter:creator\" content=\"@epidemicrecs\" \/>\n<meta name=\"twitter:site\" content=\"@epidemicrecs\" \/>\n<meta name=\"twitter:label1\" content=\"Scritto da\" \/>\n\t<meta name=\"twitter:data1\" content=\"Gabriele\" \/>\n\t<meta name=\"twitter:label2\" content=\"Tempo di lettura stimato\" \/>\n\t<meta name=\"twitter:data2\" content=\"3 minuti\" \/>\n<script type=\"application\/ld+json\" class=\"yoast-schema-graph\">{\"@context\":\"https:\/\/schema.org\",\"@graph\":[{\"@type\":\"Article\",\"@id\":\"https:\/\/www.epidemicrecords.net\/v2019\/2020\/09\/04\/gab-de-la-vega-pubblica-il-nuovo-video-i-still-believe-una-lettera-aperta-in-acustico\/#article\",\"isPartOf\":{\"@id\":\"https:\/\/www.epidemicrecords.net\/v2019\/2020\/09\/04\/gab-de-la-vega-pubblica-il-nuovo-video-i-still-believe-una-lettera-aperta-in-acustico\/\"},\"author\":{\"name\":\"Gabriele\",\"@id\":\"https:\/\/www.epidemicrecords.net\/v2019\/#\/schema\/person\/e2cff227657e3cabdde72daaf4b738b2\"},\"headline\":\"GAB DE LA VEGA pubblica il nuovo video &#8220;I Still Believe&#8221;, una lettera aperta in acustico\",\"datePublished\":\"2020-09-04T16:44:23+00:00\",\"dateModified\":\"2020-09-19T08:52:07+00:00\",\"mainEntityOfPage\":{\"@id\":\"https:\/\/www.epidemicrecords.net\/v2019\/2020\/09\/04\/gab-de-la-vega-pubblica-il-nuovo-video-i-still-believe-una-lettera-aperta-in-acustico\/\"},\"wordCount\":689,\"publisher\":{\"@id\":\"https:\/\/www.epidemicrecords.net\/v2019\/#organization\"},\"image\":{\"@id\":\"https:\/\/www.epidemicrecords.net\/v2019\/2020\/09\/04\/gab-de-la-vega-pubblica-il-nuovo-video-i-still-believe-una-lettera-aperta-in-acustico\/#primaryimage\"},\"thumbnailUrl\":\"https:\/\/www.epidemicrecords.net\/v2019\/wp-content\/uploads\/2020\/09\/9a835bdc-1145-4245-8103-f34f44d17aa41.jpg\",\"articleSection\":[\"News\"],\"inLanguage\":\"it-IT\"},{\"@type\":\"WebPage\",\"@id\":\"https:\/\/www.epidemicrecords.net\/v2019\/2020\/09\/04\/gab-de-la-vega-pubblica-il-nuovo-video-i-still-believe-una-lettera-aperta-in-acustico\/\",\"url\":\"https:\/\/www.epidemicrecords.net\/v2019\/2020\/09\/04\/gab-de-la-vega-pubblica-il-nuovo-video-i-still-believe-una-lettera-aperta-in-acustico\/\",\"name\":\"GAB DE LA VEGA pubblica il nuovo video \\\"I Still Believe\\\", una lettera aperta in acustico - Epidemic Records\",\"isPartOf\":{\"@id\":\"https:\/\/www.epidemicrecords.net\/v2019\/#website\"},\"primaryImageOfPage\":{\"@id\":\"https:\/\/www.epidemicrecords.net\/v2019\/2020\/09\/04\/gab-de-la-vega-pubblica-il-nuovo-video-i-still-believe-una-lettera-aperta-in-acustico\/#primaryimage\"},\"image\":{\"@id\":\"https:\/\/www.epidemicrecords.net\/v2019\/2020\/09\/04\/gab-de-la-vega-pubblica-il-nuovo-video-i-still-believe-una-lettera-aperta-in-acustico\/#primaryimage\"},\"thumbnailUrl\":\"https:\/\/www.epidemicrecords.net\/v2019\/wp-content\/uploads\/2020\/09\/9a835bdc-1145-4245-8103-f34f44d17aa41.jpg\",\"datePublished\":\"2020-09-04T16:44:23+00:00\",\"dateModified\":\"2020-09-19T08:52:07+00:00\",\"breadcrumb\":{\"@id\":\"https:\/\/www.epidemicrecords.net\/v2019\/2020\/09\/04\/gab-de-la-vega-pubblica-il-nuovo-video-i-still-believe-una-lettera-aperta-in-acustico\/#breadcrumb\"},\"inLanguage\":\"it-IT\",\"potentialAction\":[{\"@type\":\"ReadAction\",\"target\":[\"https:\/\/www.epidemicrecords.net\/v2019\/2020\/09\/04\/gab-de-la-vega-pubblica-il-nuovo-video-i-still-believe-una-lettera-aperta-in-acustico\/\"]}]},{\"@type\":\"ImageObject\",\"inLanguage\":\"it-IT\",\"@id\":\"https:\/\/www.epidemicrecords.net\/v2019\/2020\/09\/04\/gab-de-la-vega-pubblica-il-nuovo-video-i-still-believe-una-lettera-aperta-in-acustico\/#primaryimage\",\"url\":\"https:\/\/www.epidemicrecords.net\/v2019\/wp-content\/uploads\/2020\/09\/9a835bdc-1145-4245-8103-f34f44d17aa41.jpg\",\"contentUrl\":\"https:\/\/www.epidemicrecords.net\/v2019\/wp-content\/uploads\/2020\/09\/9a835bdc-1145-4245-8103-f34f44d17aa41.jpg\",\"width\":1152,\"height\":768,\"caption\":\"Pic Credits: Jaden D\"},{\"@type\":\"BreadcrumbList\",\"@id\":\"https:\/\/www.epidemicrecords.net\/v2019\/2020\/09\/04\/gab-de-la-vega-pubblica-il-nuovo-video-i-still-believe-una-lettera-aperta-in-acustico\/#breadcrumb\",\"itemListElement\":[{\"@type\":\"ListItem\",\"position\":1,\"name\":\"Home\",\"item\":\"https:\/\/www.epidemicrecords.net\/v2019\/en\/home-2\/\"},{\"@type\":\"ListItem\",\"position\":2,\"name\":\"GAB DE LA VEGA pubblica il nuovo video &#8220;I Still Believe&#8221;, una lettera aperta in acustico\"}]},{\"@type\":\"WebSite\",\"@id\":\"https:\/\/www.epidemicrecords.net\/v2019\/#website\",\"url\":\"https:\/\/www.epidemicrecords.net\/v2019\/\",\"name\":\"Epidemic Records\",\"description\":\"This Is More Than Music. This Is What We Believe In.\",\"publisher\":{\"@id\":\"https:\/\/www.epidemicrecords.net\/v2019\/#organization\"},\"potentialAction\":[{\"@type\":\"SearchAction\",\"target\":{\"@type\":\"EntryPoint\",\"urlTemplate\":\"https:\/\/www.epidemicrecords.net\/v2019\/?s={search_term_string}\"},\"query-input\":{\"@type\":\"PropertyValueSpecification\",\"valueRequired\":true,\"valueName\":\"search_term_string\"}}],\"inLanguage\":\"it-IT\"},{\"@type\":\"Organization\",\"@id\":\"https:\/\/www.epidemicrecords.net\/v2019\/#organization\",\"name\":\"Epidemic Records\",\"url\":\"https:\/\/www.epidemicrecords.net\/v2019\/\",\"logo\":{\"@type\":\"ImageObject\",\"inLanguage\":\"it-IT\",\"@id\":\"https:\/\/www.epidemicrecords.net\/v2019\/#\/schema\/logo\/image\/\",\"url\":\"https:\/\/www.epidemicrecords.net\/v2019\/wp-content\/uploads\/2019\/05\/logo-wp.png\",\"contentUrl\":\"https:\/\/www.epidemicrecords.net\/v2019\/wp-content\/uploads\/2019\/05\/logo-wp.png\",\"width\":200,\"height\":196,\"caption\":\"Epidemic Records\"},\"image\":{\"@id\":\"https:\/\/www.epidemicrecords.net\/v2019\/#\/schema\/logo\/image\/\"},\"sameAs\":[\"http:\/\/www.facebook.com\/epidemicrecordshc\",\"https:\/\/x.com\/epidemicrecs\",\"http:\/\/www.instagram.com\/epidemicrecordshc\"]},{\"@type\":\"Person\",\"@id\":\"https:\/\/www.epidemicrecords.net\/v2019\/#\/schema\/person\/e2cff227657e3cabdde72daaf4b738b2\",\"name\":\"Gabriele\",\"image\":{\"@type\":\"ImageObject\",\"inLanguage\":\"it-IT\",\"@id\":\"https:\/\/www.epidemicrecords.net\/v2019\/#\/schema\/person\/image\/\",\"url\":\"https:\/\/secure.gravatar.com\/avatar\/b5fcb4f27d198f6c2162bc92e4726ffd79ebd15d254ed5679485ba47495e6466?s=96&d=mm&r=g\",\"contentUrl\":\"https:\/\/secure.gravatar.com\/avatar\/b5fcb4f27d198f6c2162bc92e4726ffd79ebd15d254ed5679485ba47495e6466?s=96&d=mm&r=g\",\"caption\":\"Gabriele\"},\"url\":\"https:\/\/www.epidemicrecords.net\/v2019\/author\/gabriele\/\"}]}<\/script>\n<!-- \/ Yoast SEO plugin. -->","yoast_head_json":{"title":"GAB DE LA VEGA pubblica il nuovo video \"I Still Believe\", una lettera aperta in acustico - Epidemic Records","robots":{"index":"index","follow":"follow","max-snippet":"max-snippet:-1","max-image-preview":"max-image-preview:large","max-video-preview":"max-video-preview:-1"},"canonical":"https:\/\/www.epidemicrecords.net\/v2019\/2020\/09\/04\/gab-de-la-vega-pubblica-il-nuovo-video-i-still-believe-una-lettera-aperta-in-acustico\/","og_locale":"it_IT","og_type":"article","og_title":"GAB DE LA VEGA pubblica il nuovo video \"I Still Believe\", una lettera aperta in acustico - Epidemic Records","og_description":"Gab De La Vega presenta \u201cI Still Believe\u201d, il terzo video tratto dal nuovo album \u201cBeyond Space And Time\u201d, uscito il 24 gennaio. Il terzo full length del musicista bresciano, nato nel punk e nell&#8217;hardcore ma da anni approdato a sonorit\u00e0 pi\u00f9 morbide, sancisce nei suoni la definitiva apertura ad una collaborazione con una band [&hellip;]","og_url":"https:\/\/www.epidemicrecords.net\/v2019\/2020\/09\/04\/gab-de-la-vega-pubblica-il-nuovo-video-i-still-believe-una-lettera-aperta-in-acustico\/","og_site_name":"Epidemic Records","article_publisher":"http:\/\/www.facebook.com\/epidemicrecordshc","article_published_time":"2020-09-04T16:44:23+00:00","article_modified_time":"2020-09-19T08:52:07+00:00","og_image":[{"width":1152,"height":768,"url":"https:\/\/www.epidemicrecords.net\/v2019\/wp-content\/uploads\/2020\/09\/9a835bdc-1145-4245-8103-f34f44d17aa41.jpg","type":"image\/jpeg"}],"author":"Gabriele","twitter_card":"summary_large_image","twitter_creator":"@epidemicrecs","twitter_site":"@epidemicrecs","twitter_misc":{"Scritto da":"Gabriele","Tempo di lettura stimato":"3 minuti"},"schema":{"@context":"https:\/\/schema.org","@graph":[{"@type":"Article","@id":"https:\/\/www.epidemicrecords.net\/v2019\/2020\/09\/04\/gab-de-la-vega-pubblica-il-nuovo-video-i-still-believe-una-lettera-aperta-in-acustico\/#article","isPartOf":{"@id":"https:\/\/www.epidemicrecords.net\/v2019\/2020\/09\/04\/gab-de-la-vega-pubblica-il-nuovo-video-i-still-believe-una-lettera-aperta-in-acustico\/"},"author":{"name":"Gabriele","@id":"https:\/\/www.epidemicrecords.net\/v2019\/#\/schema\/person\/e2cff227657e3cabdde72daaf4b738b2"},"headline":"GAB DE LA VEGA pubblica il nuovo video &#8220;I Still Believe&#8221;, una lettera aperta in acustico","datePublished":"2020-09-04T16:44:23+00:00","dateModified":"2020-09-19T08:52:07+00:00","mainEntityOfPage":{"@id":"https:\/\/www.epidemicrecords.net\/v2019\/2020\/09\/04\/gab-de-la-vega-pubblica-il-nuovo-video-i-still-believe-una-lettera-aperta-in-acustico\/"},"wordCount":689,"publisher":{"@id":"https:\/\/www.epidemicrecords.net\/v2019\/#organization"},"image":{"@id":"https:\/\/www.epidemicrecords.net\/v2019\/2020\/09\/04\/gab-de-la-vega-pubblica-il-nuovo-video-i-still-believe-una-lettera-aperta-in-acustico\/#primaryimage"},"thumbnailUrl":"https:\/\/www.epidemicrecords.net\/v2019\/wp-content\/uploads\/2020\/09\/9a835bdc-1145-4245-8103-f34f44d17aa41.jpg","articleSection":["News"],"inLanguage":"it-IT"},{"@type":"WebPage","@id":"https:\/\/www.epidemicrecords.net\/v2019\/2020\/09\/04\/gab-de-la-vega-pubblica-il-nuovo-video-i-still-believe-una-lettera-aperta-in-acustico\/","url":"https:\/\/www.epidemicrecords.net\/v2019\/2020\/09\/04\/gab-de-la-vega-pubblica-il-nuovo-video-i-still-believe-una-lettera-aperta-in-acustico\/","name":"GAB DE LA VEGA pubblica il nuovo video \"I Still Believe\", una lettera aperta in acustico - Epidemic Records","isPartOf":{"@id":"https:\/\/www.epidemicrecords.net\/v2019\/#website"},"primaryImageOfPage":{"@id":"https:\/\/www.epidemicrecords.net\/v2019\/2020\/09\/04\/gab-de-la-vega-pubblica-il-nuovo-video-i-still-believe-una-lettera-aperta-in-acustico\/#primaryimage"},"image":{"@id":"https:\/\/www.epidemicrecords.net\/v2019\/2020\/09\/04\/gab-de-la-vega-pubblica-il-nuovo-video-i-still-believe-una-lettera-aperta-in-acustico\/#primaryimage"},"thumbnailUrl":"https:\/\/www.epidemicrecords.net\/v2019\/wp-content\/uploads\/2020\/09\/9a835bdc-1145-4245-8103-f34f44d17aa41.jpg","datePublished":"2020-09-04T16:44:23+00:00","dateModified":"2020-09-19T08:52:07+00:00","breadcrumb":{"@id":"https:\/\/www.epidemicrecords.net\/v2019\/2020\/09\/04\/gab-de-la-vega-pubblica-il-nuovo-video-i-still-believe-una-lettera-aperta-in-acustico\/#breadcrumb"},"inLanguage":"it-IT","potentialAction":[{"@type":"ReadAction","target":["https:\/\/www.epidemicrecords.net\/v2019\/2020\/09\/04\/gab-de-la-vega-pubblica-il-nuovo-video-i-still-believe-una-lettera-aperta-in-acustico\/"]}]},{"@type":"ImageObject","inLanguage":"it-IT","@id":"https:\/\/www.epidemicrecords.net\/v2019\/2020\/09\/04\/gab-de-la-vega-pubblica-il-nuovo-video-i-still-believe-una-lettera-aperta-in-acustico\/#primaryimage","url":"https:\/\/www.epidemicrecords.net\/v2019\/wp-content\/uploads\/2020\/09\/9a835bdc-1145-4245-8103-f34f44d17aa41.jpg","contentUrl":"https:\/\/www.epidemicrecords.net\/v2019\/wp-content\/uploads\/2020\/09\/9a835bdc-1145-4245-8103-f34f44d17aa41.jpg","width":1152,"height":768,"caption":"Pic Credits: Jaden D"},{"@type":"BreadcrumbList","@id":"https:\/\/www.epidemicrecords.net\/v2019\/2020\/09\/04\/gab-de-la-vega-pubblica-il-nuovo-video-i-still-believe-una-lettera-aperta-in-acustico\/#breadcrumb","itemListElement":[{"@type":"ListItem","position":1,"name":"Home","item":"https:\/\/www.epidemicrecords.net\/v2019\/en\/home-2\/"},{"@type":"ListItem","position":2,"name":"GAB DE LA VEGA pubblica il nuovo video &#8220;I Still Believe&#8221;, una lettera aperta in acustico"}]},{"@type":"WebSite","@id":"https:\/\/www.epidemicrecords.net\/v2019\/#website","url":"https:\/\/www.epidemicrecords.net\/v2019\/","name":"Epidemic Records","description":"This Is More Than Music. This Is What We Believe In.","publisher":{"@id":"https:\/\/www.epidemicrecords.net\/v2019\/#organization"},"potentialAction":[{"@type":"SearchAction","target":{"@type":"EntryPoint","urlTemplate":"https:\/\/www.epidemicrecords.net\/v2019\/?s={search_term_string}"},"query-input":{"@type":"PropertyValueSpecification","valueRequired":true,"valueName":"search_term_string"}}],"inLanguage":"it-IT"},{"@type":"Organization","@id":"https:\/\/www.epidemicrecords.net\/v2019\/#organization","name":"Epidemic Records","url":"https:\/\/www.epidemicrecords.net\/v2019\/","logo":{"@type":"ImageObject","inLanguage":"it-IT","@id":"https:\/\/www.epidemicrecords.net\/v2019\/#\/schema\/logo\/image\/","url":"https:\/\/www.epidemicrecords.net\/v2019\/wp-content\/uploads\/2019\/05\/logo-wp.png","contentUrl":"https:\/\/www.epidemicrecords.net\/v2019\/wp-content\/uploads\/2019\/05\/logo-wp.png","width":200,"height":196,"caption":"Epidemic Records"},"image":{"@id":"https:\/\/www.epidemicrecords.net\/v2019\/#\/schema\/logo\/image\/"},"sameAs":["http:\/\/www.facebook.com\/epidemicrecordshc","https:\/\/x.com\/epidemicrecs","http:\/\/www.instagram.com\/epidemicrecordshc"]},{"@type":"Person","@id":"https:\/\/www.epidemicrecords.net\/v2019\/#\/schema\/person\/e2cff227657e3cabdde72daaf4b738b2","name":"Gabriele","image":{"@type":"ImageObject","inLanguage":"it-IT","@id":"https:\/\/www.epidemicrecords.net\/v2019\/#\/schema\/person\/image\/","url":"https:\/\/secure.gravatar.com\/avatar\/b5fcb4f27d198f6c2162bc92e4726ffd79ebd15d254ed5679485ba47495e6466?s=96&d=mm&r=g","contentUrl":"https:\/\/secure.gravatar.com\/avatar\/b5fcb4f27d198f6c2162bc92e4726ffd79ebd15d254ed5679485ba47495e6466?s=96&d=mm&r=g","caption":"Gabriele"},"url":"https:\/\/www.epidemicrecords.net\/v2019\/author\/gabriele\/"}]}},"_links":{"self":[{"href":"https:\/\/www.epidemicrecords.net\/v2019\/wp-json\/wp\/v2\/posts\/4794","targetHints":{"allow":["GET"]}}],"collection":[{"href":"https:\/\/www.epidemicrecords.net\/v2019\/wp-json\/wp\/v2\/posts"}],"about":[{"href":"https:\/\/www.epidemicrecords.net\/v2019\/wp-json\/wp\/v2\/types\/post"}],"author":[{"embeddable":true,"href":"https:\/\/www.epidemicrecords.net\/v2019\/wp-json\/wp\/v2\/users\/2"}],"replies":[{"embeddable":true,"href":"https:\/\/www.epidemicrecords.net\/v2019\/wp-json\/wp\/v2\/comments?post=4794"}],"version-history":[{"count":5,"href":"https:\/\/www.epidemicrecords.net\/v2019\/wp-json\/wp\/v2\/posts\/4794\/revisions"}],"predecessor-version":[{"id":4805,"href":"https:\/\/www.epidemicrecords.net\/v2019\/wp-json\/wp\/v2\/posts\/4794\/revisions\/4805"}],"wp:featuredmedia":[{"embeddable":true,"href":"https:\/\/www.epidemicrecords.net\/v2019\/wp-json\/wp\/v2\/media\/4788"}],"wp:attachment":[{"href":"https:\/\/www.epidemicrecords.net\/v2019\/wp-json\/wp\/v2\/media?parent=4794"}],"wp:term":[{"taxonomy":"category","embeddable":true,"href":"https:\/\/www.epidemicrecords.net\/v2019\/wp-json\/wp\/v2\/categories?post=4794"},{"taxonomy":"post_tag","embeddable":true,"href":"https:\/\/www.epidemicrecords.net\/v2019\/wp-json\/wp\/v2\/tags?post=4794"}],"curies":[{"name":"wp","href":"https:\/\/api.w.org\/{rel}","templated":true}]}}