{"id":5137,"date":"2023-12-01T10:00:33","date_gmt":"2023-12-01T09:00:33","guid":{"rendered":"https:\/\/www.epidemicrecords.net\/v2019\/?p=5137"},"modified":"2023-12-06T23:05:26","modified_gmt":"2023-12-06T22:05:26","slug":"gab-de-la-vega-pubblica-off-my-chest-primo-singolo-dal-nuovo-album","status":"publish","type":"post","link":"https:\/\/www.epidemicrecords.net\/v2019\/2023\/12\/01\/gab-de-la-vega-pubblica-off-my-chest-primo-singolo-dal-nuovo-album\/","title":{"rendered":"Gab De La Vega pubblica &#8220;Off My Chest&#8221;, primo singolo dal nuovo album"},"content":{"rendered":"<p style=\"text-align: justify;\">Gab De La Vega presenta il suo ultimo singolo e video musicale, &#8220;Off My Chest&#8221;, tratto dall&#8217;imminente quarto album in studio, &#8220;Life Burns&#8221;, in uscita il 1\u00b0 marzo 2024. Questo singolo segna la sua collaborazione con SB\u00c4M Records, che supervisiona la pubblicazione mondiale di &#8220;Life Burns&#8221;, in collaborazione con etichette come Sell The Heart Records (Stati Uniti), Epidemic Records, Motorcity Produzioni e Overdrive (tutte in Italia).<\/p>\n<p>GUARDA IL VIDEO:<\/p>\n<p style=\"text-align: justify;\"><iframe loading=\"lazy\" title=\"YouTube video player\" src=\"https:\/\/www.youtube.com\/embed\/oH_Nvlsbi18?si=7wqQo9BB2smVwhHM\" width=\"560\" height=\"315\" frameborder=\"0\" allowfullscreen=\"allowfullscreen\"><\/iframe><\/p>\n<p>&#8220;Off My Chest&#8221; introduce gli ascoltatori a un suono pi\u00f9 potente e completo, che si spinge oltre i confini gi\u00e0 tracciati, con ritmi di batteria dinamici e feroci riff di chitarra, influenzati dalle radici hardcore e punk di Gab De La Vega. Questa trasformazione \u00e8 ulteriormente rafforzata dalla collaborazione in studio con l&#8217;amico di lunga data e compagno di band Simone Piccinelli dei The Open Cages. La voce risonante di De La Vega trasmette perfettamente la linea emotiva della canzone, mettendo in mostra la sua caratteristica espressivit\u00e0.<\/p>\n<p>Gab De La Vega commenta:<span style=\"color: #000000;\"><br \/>\n&#8220;Off My Chest&#8221; \u00e8 il primo singolo estratto dal mio quarto album &#8220;Life Burns&#8221;, in uscita il 1\u00b0 marzo 2024. Questo album \u00e8 denso di significati e questa canzone non fa eccezione. In realt\u00e0 \u00e8 una delle pi\u00f9 significative dell&#8217;intero album. \u00c8 un brano molto personale ma credo che possa far sentire qualcosa dentro a chi ascolta, sono sicuro che molti potrebbero facilmente relazionarsi se hanno avuto esperienze simili crescendo.<br \/>\nIl modo in cui le interazioni modellano il nostro modo di essere, soprattutto negli anni della formazione, \u00e8 spesso sottovalutato. Mi ci \u00e8 voluto un po&#8217; di tempo per capire che alcune caratteristiche della mia personalit\u00e0 esistono e affrontarle apertamente, essere schietti e saper parlare apertamente al riguardo mi \u00e8 sembrato essere immediatamente quasi una redenzione e persino liberatorio durante la stesura dei testi.<br \/>\n\u00c8 pi\u00f9 facile nascondere la testa sotto la sabbia di fronte agli aspetti negativi, soprattutto quando fanno parte della nostra esperienza umana, ma lavorarci, affrontarli ed elaborarli \u00e8 l&#8217;unico modo per accettare tutto, andare avanti e possibilmente crescere.<br \/>\nDal punto di vista musicale, d\u00e0 un&#8217;idea di come sar\u00e0 il nuovo album. Credo che nella musica si possa percepire la rabbia e allo stesso tempo il desiderio di qualcosa di positivo come risposta. In questo album c&#8217;\u00e8 molto di questo approccio onesto nei sentimenti che ogni canzone pu\u00f2 evocare. Non vedo l&#8217;ora di suonare questa canzone e questo album dal vivo!&#8221;.<\/span><\/p>\n<p><span style=\"color: #000000;\">Il brano \u00e8 accompagnato da un video musicale diretto da Ronnie Amighetti. Gab De La Vega aggiunge:<br \/>\n&#8220;Abbiamo girato il video in un magazzino di produzione live, volevamo che avesse l&#8217;aspetto e la sensazione dell&#8217;energia che un mio concerto full band con The Open Cages \u00e8 in grado di mettere in campo. Volevamo che avesse un aspetto organico, semplice, autentico (per quanto possa essere autentico un video musicale) e che l&#8217;immagine corrispondesse all&#8217;energia della musica. Siamo noi, che proviamo la nostra canzone, pronti a partire in tour e a incendiare i palchi!&#8221;.<\/span><\/p>\n<p><span style=\"color: #000000;\">Da performer esperto qual \u00e8, Gab De La Vega nel suo viaggio ha attraversato l&#8217;Europa, compreso il Regno Unito, la costa orientale degli Stati Uniti, il Canada e il Sud America, condividendo i palchi con artisti importanti come Frank Turner, Against Me!, Laura Jane Grace, PUP, Chuck Ragan, Joey Cape e altri ancora. Nel 2022 ha partecipato con la sua band al Lost Evenings Festival di Frank Turner a Berlino, su invito del cantautore britannico, e recentemente ha intrapreso il &#8220;Road to the Next Chapter Tour&#8221; nel 2023, colmando il divario tra il suo terzo disco, &#8220;Beyond Space And Time&#8221;, e l&#8217;album di prossima uscita.<\/span><br \/>\n<span style=\"color: #000000;\">&#8220;Off My Chest&#8221; e &#8220;Life Burns&#8221; sono stati co-prodotti da Simone Piccinelli e Gab De La Vega presso La Buca Recording Club (Montichiari, Brescia). La copertina del singolo \u00e8 stata realizzata da Christophe Bonardi, mentre il layout grafico \u00e8 stata curato da Gab De La Vega.<\/span><\/p>\n<p>&#8220;Off\u00a0My Chest&#8221; su tutte le piattaforme digitali: <a href=\"https:\/\/bfan.link\/off-my-chest\" target=\"_blank\" rel=\"noopener\" data-link-id=\"1250683809\">https:\/\/bfan.link\/off-my-chest<\/a><\/p>\n<p><a href=\"http:\/\/Www.facebook.com\/gabdelavegamusic\" target=\"_blank\" rel=\"noopener\" data-link-id=\"1250683810\">www.facebook.com\/gabdelavegamusic<\/a><\/p>\n<p style=\"text-align: justify;\"><a href=\"http:\/\/www.instagram.com\/gabdelavegaxvx\" target=\"_blank\" rel=\"noopener\" data-link-id=\"1250683811\">www.instagram.com\/gabdelavegaxvx<\/a><\/p>\n<p style=\"text-align: justify;\"><a href=\"http:\/\/linktr.ee\/gabdelavega\" target=\"_blank\" rel=\"noopener\" data-link-id=\"1250683812\">linktr.ee\/gabdelavega<\/a><\/p>\n","protected":false},"excerpt":{"rendered":"<p>Gab De La Vega presenta il suo ultimo singolo e video musicale, &#8220;Off My Chest&#8221;, tratto dall&#8217;imminente quarto album in studio, &#8220;Life Burns&#8221;, in uscita il 1\u00b0 marzo 2024. Questo singolo segna la sua collaborazione con SB\u00c4M Records, che supervisiona la pubblicazione mondiale di &#8220;Life Burns&#8221;, in collaborazione con etichette come Sell The Heart Records [&hellip;]<\/p>\n","protected":false},"author":2,"featured_media":5138,"comment_status":"closed","ping_status":"closed","sticky":false,"template":"","format":"standard","meta":{"footnotes":""},"categories":[4],"tags":[],"class_list":["post-5137","post","type-post","status-publish","format-standard","has-post-thumbnail","hentry","category-news"],"yoast_head":"<!-- This site is optimized with the Yoast SEO plugin v25.0 - https:\/\/yoast.com\/wordpress\/plugins\/seo\/ -->\n<title>Gab De La Vega pubblica &quot;Off My Chest&quot;, primo singolo dal nuovo album - Epidemic Records<\/title>\n<meta name=\"description\" content=\"&quot;Off My Chest&quot; introduce gli ascoltatori a un suono pi\u00f9 potente e completo, che si spinge oltre i confini gi\u00e0 tracciati, con ritmi di batteria dinamici e feroci riff di chitarra, influenzati dalle radici hardcore e punk di Gab De La Vega.\" \/>\n<meta name=\"robots\" content=\"index, follow, max-snippet:-1, max-image-preview:large, max-video-preview:-1\" \/>\n<link rel=\"canonical\" href=\"https:\/\/www.epidemicrecords.net\/v2019\/2023\/12\/01\/gab-de-la-vega-pubblica-off-my-chest-primo-singolo-dal-nuovo-album\/\" \/>\n<meta property=\"og:locale\" content=\"it_IT\" \/>\n<meta property=\"og:type\" content=\"article\" \/>\n<meta property=\"og:title\" content=\"Gab De La Vega pubblica &quot;Off My Chest&quot;, primo singolo dal nuovo album - Epidemic Records\" \/>\n<meta property=\"og:description\" content=\"&quot;Off My Chest&quot; introduce gli ascoltatori a un suono pi\u00f9 potente e completo, che si spinge oltre i confini gi\u00e0 tracciati, con ritmi di batteria dinamici e feroci riff di chitarra, influenzati dalle radici hardcore e punk di Gab De La Vega.\" \/>\n<meta property=\"og:url\" content=\"https:\/\/www.epidemicrecords.net\/v2019\/2023\/12\/01\/gab-de-la-vega-pubblica-off-my-chest-primo-singolo-dal-nuovo-album\/\" \/>\n<meta property=\"og:site_name\" content=\"Epidemic Records\" \/>\n<meta property=\"article:publisher\" content=\"http:\/\/www.facebook.com\/epidemicrecordshc\" \/>\n<meta property=\"article:published_time\" content=\"2023-12-01T09:00:33+00:00\" \/>\n<meta property=\"article:modified_time\" content=\"2023-12-06T22:05:26+00:00\" \/>\n<meta property=\"og:image\" content=\"https:\/\/www.epidemicrecords.net\/v2019\/wp-content\/uploads\/2023\/12\/07980ec276a108b7745e4e4f40ab4548719c2f3d1.jpeg\" \/>\n\t<meta property=\"og:image:width\" content=\"1080\" \/>\n\t<meta property=\"og:image:height\" content=\"1080\" \/>\n\t<meta property=\"og:image:type\" content=\"image\/jpeg\" \/>\n<meta name=\"author\" content=\"Gabriele\" \/>\n<meta name=\"twitter:card\" content=\"summary_large_image\" \/>\n<meta name=\"twitter:creator\" content=\"@epidemicrecs\" \/>\n<meta name=\"twitter:site\" content=\"@epidemicrecs\" \/>\n<meta name=\"twitter:label1\" content=\"Scritto da\" \/>\n\t<meta name=\"twitter:data1\" content=\"Gabriele\" \/>\n\t<meta name=\"twitter:label2\" content=\"Tempo di lettura stimato\" \/>\n\t<meta name=\"twitter:data2\" content=\"4 minuti\" \/>\n<script type=\"application\/ld+json\" class=\"yoast-schema-graph\">{\"@context\":\"https:\/\/schema.org\",\"@graph\":[{\"@type\":\"Article\",\"@id\":\"https:\/\/www.epidemicrecords.net\/v2019\/2023\/12\/01\/gab-de-la-vega-pubblica-off-my-chest-primo-singolo-dal-nuovo-album\/#article\",\"isPartOf\":{\"@id\":\"https:\/\/www.epidemicrecords.net\/v2019\/2023\/12\/01\/gab-de-la-vega-pubblica-off-my-chest-primo-singolo-dal-nuovo-album\/\"},\"author\":{\"name\":\"Gabriele\",\"@id\":\"https:\/\/www.epidemicrecords.net\/v2019\/#\/schema\/person\/e2cff227657e3cabdde72daaf4b738b2\"},\"headline\":\"Gab De La Vega pubblica &#8220;Off My Chest&#8221;, primo singolo dal nuovo album\",\"datePublished\":\"2023-12-01T09:00:33+00:00\",\"dateModified\":\"2023-12-06T22:05:26+00:00\",\"mainEntityOfPage\":{\"@id\":\"https:\/\/www.epidemicrecords.net\/v2019\/2023\/12\/01\/gab-de-la-vega-pubblica-off-my-chest-primo-singolo-dal-nuovo-album\/\"},\"wordCount\":654,\"publisher\":{\"@id\":\"https:\/\/www.epidemicrecords.net\/v2019\/#organization\"},\"image\":{\"@id\":\"https:\/\/www.epidemicrecords.net\/v2019\/2023\/12\/01\/gab-de-la-vega-pubblica-off-my-chest-primo-singolo-dal-nuovo-album\/#primaryimage\"},\"thumbnailUrl\":\"https:\/\/www.epidemicrecords.net\/v2019\/wp-content\/uploads\/2023\/12\/07980ec276a108b7745e4e4f40ab4548719c2f3d1.jpeg\",\"articleSection\":[\"News\"],\"inLanguage\":\"it-IT\"},{\"@type\":\"WebPage\",\"@id\":\"https:\/\/www.epidemicrecords.net\/v2019\/2023\/12\/01\/gab-de-la-vega-pubblica-off-my-chest-primo-singolo-dal-nuovo-album\/\",\"url\":\"https:\/\/www.epidemicrecords.net\/v2019\/2023\/12\/01\/gab-de-la-vega-pubblica-off-my-chest-primo-singolo-dal-nuovo-album\/\",\"name\":\"Gab De La Vega pubblica \\\"Off My Chest\\\", primo singolo dal nuovo album - Epidemic Records\",\"isPartOf\":{\"@id\":\"https:\/\/www.epidemicrecords.net\/v2019\/#website\"},\"primaryImageOfPage\":{\"@id\":\"https:\/\/www.epidemicrecords.net\/v2019\/2023\/12\/01\/gab-de-la-vega-pubblica-off-my-chest-primo-singolo-dal-nuovo-album\/#primaryimage\"},\"image\":{\"@id\":\"https:\/\/www.epidemicrecords.net\/v2019\/2023\/12\/01\/gab-de-la-vega-pubblica-off-my-chest-primo-singolo-dal-nuovo-album\/#primaryimage\"},\"thumbnailUrl\":\"https:\/\/www.epidemicrecords.net\/v2019\/wp-content\/uploads\/2023\/12\/07980ec276a108b7745e4e4f40ab4548719c2f3d1.jpeg\",\"datePublished\":\"2023-12-01T09:00:33+00:00\",\"dateModified\":\"2023-12-06T22:05:26+00:00\",\"description\":\"\\\"Off My Chest\\\" introduce gli ascoltatori a un suono pi\u00f9 potente e completo, che si spinge oltre i confini gi\u00e0 tracciati, con ritmi di batteria dinamici e feroci riff di chitarra, influenzati dalle radici hardcore e punk di Gab De La Vega.\",\"breadcrumb\":{\"@id\":\"https:\/\/www.epidemicrecords.net\/v2019\/2023\/12\/01\/gab-de-la-vega-pubblica-off-my-chest-primo-singolo-dal-nuovo-album\/#breadcrumb\"},\"inLanguage\":\"it-IT\",\"potentialAction\":[{\"@type\":\"ReadAction\",\"target\":[\"https:\/\/www.epidemicrecords.net\/v2019\/2023\/12\/01\/gab-de-la-vega-pubblica-off-my-chest-primo-singolo-dal-nuovo-album\/\"]}]},{\"@type\":\"ImageObject\",\"inLanguage\":\"it-IT\",\"@id\":\"https:\/\/www.epidemicrecords.net\/v2019\/2023\/12\/01\/gab-de-la-vega-pubblica-off-my-chest-primo-singolo-dal-nuovo-album\/#primaryimage\",\"url\":\"https:\/\/www.epidemicrecords.net\/v2019\/wp-content\/uploads\/2023\/12\/07980ec276a108b7745e4e4f40ab4548719c2f3d1.jpeg\",\"contentUrl\":\"https:\/\/www.epidemicrecords.net\/v2019\/wp-content\/uploads\/2023\/12\/07980ec276a108b7745e4e4f40ab4548719c2f3d1.jpeg\",\"width\":1080,\"height\":1080},{\"@type\":\"BreadcrumbList\",\"@id\":\"https:\/\/www.epidemicrecords.net\/v2019\/2023\/12\/01\/gab-de-la-vega-pubblica-off-my-chest-primo-singolo-dal-nuovo-album\/#breadcrumb\",\"itemListElement\":[{\"@type\":\"ListItem\",\"position\":1,\"name\":\"Home\",\"item\":\"https:\/\/www.epidemicrecords.net\/v2019\/en\/home-2\/\"},{\"@type\":\"ListItem\",\"position\":2,\"name\":\"Gab De La Vega pubblica &#8220;Off My Chest&#8221;, primo singolo dal nuovo album\"}]},{\"@type\":\"WebSite\",\"@id\":\"https:\/\/www.epidemicrecords.net\/v2019\/#website\",\"url\":\"https:\/\/www.epidemicrecords.net\/v2019\/\",\"name\":\"Epidemic Records\",\"description\":\"This Is More Than Music. This Is What We Believe In.\",\"publisher\":{\"@id\":\"https:\/\/www.epidemicrecords.net\/v2019\/#organization\"},\"potentialAction\":[{\"@type\":\"SearchAction\",\"target\":{\"@type\":\"EntryPoint\",\"urlTemplate\":\"https:\/\/www.epidemicrecords.net\/v2019\/?s={search_term_string}\"},\"query-input\":{\"@type\":\"PropertyValueSpecification\",\"valueRequired\":true,\"valueName\":\"search_term_string\"}}],\"inLanguage\":\"it-IT\"},{\"@type\":\"Organization\",\"@id\":\"https:\/\/www.epidemicrecords.net\/v2019\/#organization\",\"name\":\"Epidemic Records\",\"url\":\"https:\/\/www.epidemicrecords.net\/v2019\/\",\"logo\":{\"@type\":\"ImageObject\",\"inLanguage\":\"it-IT\",\"@id\":\"https:\/\/www.epidemicrecords.net\/v2019\/#\/schema\/logo\/image\/\",\"url\":\"https:\/\/www.epidemicrecords.net\/v2019\/wp-content\/uploads\/2019\/05\/logo-wp.png\",\"contentUrl\":\"https:\/\/www.epidemicrecords.net\/v2019\/wp-content\/uploads\/2019\/05\/logo-wp.png\",\"width\":200,\"height\":196,\"caption\":\"Epidemic Records\"},\"image\":{\"@id\":\"https:\/\/www.epidemicrecords.net\/v2019\/#\/schema\/logo\/image\/\"},\"sameAs\":[\"http:\/\/www.facebook.com\/epidemicrecordshc\",\"https:\/\/x.com\/epidemicrecs\",\"http:\/\/www.instagram.com\/epidemicrecordshc\"]},{\"@type\":\"Person\",\"@id\":\"https:\/\/www.epidemicrecords.net\/v2019\/#\/schema\/person\/e2cff227657e3cabdde72daaf4b738b2\",\"name\":\"Gabriele\",\"image\":{\"@type\":\"ImageObject\",\"inLanguage\":\"it-IT\",\"@id\":\"https:\/\/www.epidemicrecords.net\/v2019\/#\/schema\/person\/image\/\",\"url\":\"https:\/\/secure.gravatar.com\/avatar\/b5fcb4f27d198f6c2162bc92e4726ffd79ebd15d254ed5679485ba47495e6466?s=96&d=mm&r=g\",\"contentUrl\":\"https:\/\/secure.gravatar.com\/avatar\/b5fcb4f27d198f6c2162bc92e4726ffd79ebd15d254ed5679485ba47495e6466?s=96&d=mm&r=g\",\"caption\":\"Gabriele\"},\"url\":\"https:\/\/www.epidemicrecords.net\/v2019\/author\/gabriele\/\"}]}<\/script>\n<!-- \/ Yoast SEO plugin. -->","yoast_head_json":{"title":"Gab De La Vega pubblica \"Off My Chest\", primo singolo dal nuovo album - Epidemic Records","description":"\"Off My Chest\" introduce gli ascoltatori a un suono pi\u00f9 potente e completo, che si spinge oltre i confini gi\u00e0 tracciati, con ritmi di batteria dinamici e feroci riff di chitarra, influenzati dalle radici hardcore e punk di Gab De La Vega.","robots":{"index":"index","follow":"follow","max-snippet":"max-snippet:-1","max-image-preview":"max-image-preview:large","max-video-preview":"max-video-preview:-1"},"canonical":"https:\/\/www.epidemicrecords.net\/v2019\/2023\/12\/01\/gab-de-la-vega-pubblica-off-my-chest-primo-singolo-dal-nuovo-album\/","og_locale":"it_IT","og_type":"article","og_title":"Gab De La Vega pubblica \"Off My Chest\", primo singolo dal nuovo album - Epidemic Records","og_description":"\"Off My Chest\" introduce gli ascoltatori a un suono pi\u00f9 potente e completo, che si spinge oltre i confini gi\u00e0 tracciati, con ritmi di batteria dinamici e feroci riff di chitarra, influenzati dalle radici hardcore e punk di Gab De La Vega.","og_url":"https:\/\/www.epidemicrecords.net\/v2019\/2023\/12\/01\/gab-de-la-vega-pubblica-off-my-chest-primo-singolo-dal-nuovo-album\/","og_site_name":"Epidemic Records","article_publisher":"http:\/\/www.facebook.com\/epidemicrecordshc","article_published_time":"2023-12-01T09:00:33+00:00","article_modified_time":"2023-12-06T22:05:26+00:00","og_image":[{"width":1080,"height":1080,"url":"https:\/\/www.epidemicrecords.net\/v2019\/wp-content\/uploads\/2023\/12\/07980ec276a108b7745e4e4f40ab4548719c2f3d1.jpeg","type":"image\/jpeg"}],"author":"Gabriele","twitter_card":"summary_large_image","twitter_creator":"@epidemicrecs","twitter_site":"@epidemicrecs","twitter_misc":{"Scritto da":"Gabriele","Tempo di lettura stimato":"4 minuti"},"schema":{"@context":"https:\/\/schema.org","@graph":[{"@type":"Article","@id":"https:\/\/www.epidemicrecords.net\/v2019\/2023\/12\/01\/gab-de-la-vega-pubblica-off-my-chest-primo-singolo-dal-nuovo-album\/#article","isPartOf":{"@id":"https:\/\/www.epidemicrecords.net\/v2019\/2023\/12\/01\/gab-de-la-vega-pubblica-off-my-chest-primo-singolo-dal-nuovo-album\/"},"author":{"name":"Gabriele","@id":"https:\/\/www.epidemicrecords.net\/v2019\/#\/schema\/person\/e2cff227657e3cabdde72daaf4b738b2"},"headline":"Gab De La Vega pubblica &#8220;Off My Chest&#8221;, primo singolo dal nuovo album","datePublished":"2023-12-01T09:00:33+00:00","dateModified":"2023-12-06T22:05:26+00:00","mainEntityOfPage":{"@id":"https:\/\/www.epidemicrecords.net\/v2019\/2023\/12\/01\/gab-de-la-vega-pubblica-off-my-chest-primo-singolo-dal-nuovo-album\/"},"wordCount":654,"publisher":{"@id":"https:\/\/www.epidemicrecords.net\/v2019\/#organization"},"image":{"@id":"https:\/\/www.epidemicrecords.net\/v2019\/2023\/12\/01\/gab-de-la-vega-pubblica-off-my-chest-primo-singolo-dal-nuovo-album\/#primaryimage"},"thumbnailUrl":"https:\/\/www.epidemicrecords.net\/v2019\/wp-content\/uploads\/2023\/12\/07980ec276a108b7745e4e4f40ab4548719c2f3d1.jpeg","articleSection":["News"],"inLanguage":"it-IT"},{"@type":"WebPage","@id":"https:\/\/www.epidemicrecords.net\/v2019\/2023\/12\/01\/gab-de-la-vega-pubblica-off-my-chest-primo-singolo-dal-nuovo-album\/","url":"https:\/\/www.epidemicrecords.net\/v2019\/2023\/12\/01\/gab-de-la-vega-pubblica-off-my-chest-primo-singolo-dal-nuovo-album\/","name":"Gab De La Vega pubblica \"Off My Chest\", primo singolo dal nuovo album - Epidemic Records","isPartOf":{"@id":"https:\/\/www.epidemicrecords.net\/v2019\/#website"},"primaryImageOfPage":{"@id":"https:\/\/www.epidemicrecords.net\/v2019\/2023\/12\/01\/gab-de-la-vega-pubblica-off-my-chest-primo-singolo-dal-nuovo-album\/#primaryimage"},"image":{"@id":"https:\/\/www.epidemicrecords.net\/v2019\/2023\/12\/01\/gab-de-la-vega-pubblica-off-my-chest-primo-singolo-dal-nuovo-album\/#primaryimage"},"thumbnailUrl":"https:\/\/www.epidemicrecords.net\/v2019\/wp-content\/uploads\/2023\/12\/07980ec276a108b7745e4e4f40ab4548719c2f3d1.jpeg","datePublished":"2023-12-01T09:00:33+00:00","dateModified":"2023-12-06T22:05:26+00:00","description":"\"Off My Chest\" introduce gli ascoltatori a un suono pi\u00f9 potente e completo, che si spinge oltre i confini gi\u00e0 tracciati, con ritmi di batteria dinamici e feroci riff di chitarra, influenzati dalle radici hardcore e punk di Gab De La Vega.","breadcrumb":{"@id":"https:\/\/www.epidemicrecords.net\/v2019\/2023\/12\/01\/gab-de-la-vega-pubblica-off-my-chest-primo-singolo-dal-nuovo-album\/#breadcrumb"},"inLanguage":"it-IT","potentialAction":[{"@type":"ReadAction","target":["https:\/\/www.epidemicrecords.net\/v2019\/2023\/12\/01\/gab-de-la-vega-pubblica-off-my-chest-primo-singolo-dal-nuovo-album\/"]}]},{"@type":"ImageObject","inLanguage":"it-IT","@id":"https:\/\/www.epidemicrecords.net\/v2019\/2023\/12\/01\/gab-de-la-vega-pubblica-off-my-chest-primo-singolo-dal-nuovo-album\/#primaryimage","url":"https:\/\/www.epidemicrecords.net\/v2019\/wp-content\/uploads\/2023\/12\/07980ec276a108b7745e4e4f40ab4548719c2f3d1.jpeg","contentUrl":"https:\/\/www.epidemicrecords.net\/v2019\/wp-content\/uploads\/2023\/12\/07980ec276a108b7745e4e4f40ab4548719c2f3d1.jpeg","width":1080,"height":1080},{"@type":"BreadcrumbList","@id":"https:\/\/www.epidemicrecords.net\/v2019\/2023\/12\/01\/gab-de-la-vega-pubblica-off-my-chest-primo-singolo-dal-nuovo-album\/#breadcrumb","itemListElement":[{"@type":"ListItem","position":1,"name":"Home","item":"https:\/\/www.epidemicrecords.net\/v2019\/en\/home-2\/"},{"@type":"ListItem","position":2,"name":"Gab De La Vega pubblica &#8220;Off My Chest&#8221;, primo singolo dal nuovo album"}]},{"@type":"WebSite","@id":"https:\/\/www.epidemicrecords.net\/v2019\/#website","url":"https:\/\/www.epidemicrecords.net\/v2019\/","name":"Epidemic Records","description":"This Is More Than Music. This Is What We Believe In.","publisher":{"@id":"https:\/\/www.epidemicrecords.net\/v2019\/#organization"},"potentialAction":[{"@type":"SearchAction","target":{"@type":"EntryPoint","urlTemplate":"https:\/\/www.epidemicrecords.net\/v2019\/?s={search_term_string}"},"query-input":{"@type":"PropertyValueSpecification","valueRequired":true,"valueName":"search_term_string"}}],"inLanguage":"it-IT"},{"@type":"Organization","@id":"https:\/\/www.epidemicrecords.net\/v2019\/#organization","name":"Epidemic Records","url":"https:\/\/www.epidemicrecords.net\/v2019\/","logo":{"@type":"ImageObject","inLanguage":"it-IT","@id":"https:\/\/www.epidemicrecords.net\/v2019\/#\/schema\/logo\/image\/","url":"https:\/\/www.epidemicrecords.net\/v2019\/wp-content\/uploads\/2019\/05\/logo-wp.png","contentUrl":"https:\/\/www.epidemicrecords.net\/v2019\/wp-content\/uploads\/2019\/05\/logo-wp.png","width":200,"height":196,"caption":"Epidemic Records"},"image":{"@id":"https:\/\/www.epidemicrecords.net\/v2019\/#\/schema\/logo\/image\/"},"sameAs":["http:\/\/www.facebook.com\/epidemicrecordshc","https:\/\/x.com\/epidemicrecs","http:\/\/www.instagram.com\/epidemicrecordshc"]},{"@type":"Person","@id":"https:\/\/www.epidemicrecords.net\/v2019\/#\/schema\/person\/e2cff227657e3cabdde72daaf4b738b2","name":"Gabriele","image":{"@type":"ImageObject","inLanguage":"it-IT","@id":"https:\/\/www.epidemicrecords.net\/v2019\/#\/schema\/person\/image\/","url":"https:\/\/secure.gravatar.com\/avatar\/b5fcb4f27d198f6c2162bc92e4726ffd79ebd15d254ed5679485ba47495e6466?s=96&d=mm&r=g","contentUrl":"https:\/\/secure.gravatar.com\/avatar\/b5fcb4f27d198f6c2162bc92e4726ffd79ebd15d254ed5679485ba47495e6466?s=96&d=mm&r=g","caption":"Gabriele"},"url":"https:\/\/www.epidemicrecords.net\/v2019\/author\/gabriele\/"}]}},"_links":{"self":[{"href":"https:\/\/www.epidemicrecords.net\/v2019\/wp-json\/wp\/v2\/posts\/5137","targetHints":{"allow":["GET"]}}],"collection":[{"href":"https:\/\/www.epidemicrecords.net\/v2019\/wp-json\/wp\/v2\/posts"}],"about":[{"href":"https:\/\/www.epidemicrecords.net\/v2019\/wp-json\/wp\/v2\/types\/post"}],"author":[{"embeddable":true,"href":"https:\/\/www.epidemicrecords.net\/v2019\/wp-json\/wp\/v2\/users\/2"}],"replies":[{"embeddable":true,"href":"https:\/\/www.epidemicrecords.net\/v2019\/wp-json\/wp\/v2\/comments?post=5137"}],"version-history":[{"count":4,"href":"https:\/\/www.epidemicrecords.net\/v2019\/wp-json\/wp\/v2\/posts\/5137\/revisions"}],"predecessor-version":[{"id":5142,"href":"https:\/\/www.epidemicrecords.net\/v2019\/wp-json\/wp\/v2\/posts\/5137\/revisions\/5142"}],"wp:featuredmedia":[{"embeddable":true,"href":"https:\/\/www.epidemicrecords.net\/v2019\/wp-json\/wp\/v2\/media\/5138"}],"wp:attachment":[{"href":"https:\/\/www.epidemicrecords.net\/v2019\/wp-json\/wp\/v2\/media?parent=5137"}],"wp:term":[{"taxonomy":"category","embeddable":true,"href":"https:\/\/www.epidemicrecords.net\/v2019\/wp-json\/wp\/v2\/categories?post=5137"},{"taxonomy":"post_tag","embeddable":true,"href":"https:\/\/www.epidemicrecords.net\/v2019\/wp-json\/wp\/v2\/tags?post=5137"}],"curies":[{"name":"wp","href":"https:\/\/api.w.org\/{rel}","templated":true}]}}